{"id":188695,"date":"2020-02-12T13:02:48","date_gmt":"2020-02-12T16:02:48","guid":{"rendered":"https:\/\/www.redenoticia.com.br\/noticia\/?p=188695"},"modified":"2020-02-12T13:02:48","modified_gmt":"2020-02-12T16:02:48","slug":"resumo-novela-cumplices-de-um-resgate-13-02-teo-ouve-manuela-dizer-que-e-isabela","status":"publish","type":"post","link":"https:\/\/migracao.redenoticia.com.br\/noticia\/2020\/resumo-novela-cumplices-de-um-resgate-13-02-teo-ouve-manuela-dizer-que-e-isabela\/188695","title":{"rendered":"Resumo novela \u201cC\u00famplices de um Resgate\u201d 13\/02: T\u00e9o ouve Manuela dizer que \u00e9 Isabela"},"content":{"rendered":"<p><img loading=\"lazy\" decoding=\"async\" class=\"aligncenter size-large wp-image-164526\" src=\"https:\/\/migracao.redenoticia.com.br\/noticia\/imagens\/cumplices-de-um-resgate-001-316x300.jpg\" alt=\"\" width=\"316\" height=\"300\" srcset=\"https:\/\/migracao.redenoticia.com.br\/noticia\/imagens\/cumplices-de-um-resgate-001-316x300.jpg 316w, https:\/\/migracao.redenoticia.com.br\/noticia\/imagens\/cumplices-de-um-resgate-001-197x187.jpg 197w, https:\/\/migracao.redenoticia.com.br\/noticia\/imagens\/cumplices-de-um-resgate-001-150x143.jpg 150w, https:\/\/migracao.redenoticia.com.br\/noticia\/imagens\/cumplices-de-um-resgate-001.jpg 526w\" sizes=\"auto, (max-width: 316px) 100vw, 316px\" \/><\/p>\n<p><strong><em>Resumo novela \u201cC\u00famplices de um Resgate\u201d 13\/02<\/em><\/strong>: no cap\u00edtulo 290(*) da novela, quinta-feira, 13 de fevereiro, Lola decide maquiar Meire, que foi chamada de feia. Helena se depara com a s\u00edndica e se assusta com a maquiagem dela. A veterin\u00e1ria diz que Meire deveria tirar o excesso da maquiagem e mudar um pouco de visual. D\u00f3ris segue o pai e o v\u00ea conversando com Flora. A menina entende tudo errado e pensa que o pai dela possui uma amante. Regina for\u00e7a Joaquim a se declarar para Priscila em plena coletiva de imprensa. Ot\u00e1vio envia uma caixa com borboletas para Rebeca. Pastor Augusto se declara para Flavia. Nair v\u00ea os dois e reclama sozinha. Isabela diz para Marina contar a verdade para Of\u00e9lio sobre fingir ter perdido a mem\u00f3ria.<\/p>\n<p>Meire veste um vestido diferente, com novo penteado. Fausto vai atr\u00e1s de Helena no apartamento e ela pede para Dinho dizer que ela n\u00e3o est\u00e1. Come\u00e7a a coletiva de imprensa sobre o novo CD da banda C1R. Regina apresenta os integrantes e Arthur abre para perguntas da imprensa. Ao responder a quest\u00e3o da jornalista do SBT em Revista sobre haver uma paix\u00e3o no grupo, Joaquim se levanta para revelar por quem est\u00e1 apaixonado. No vilarejo, T\u00e9o ouve Manuela dizer que \u00e9 Isabela ao telefone.<\/p>\n<p>(*) edi\u00e7\u00e3o do SBT, Novela \u201cC\u00famplices de um Resgate\u201d, sujeito a altera\u00e7\u00e3o de data e conte\u00fado.<\/p>\n<p>\u201cC\u00famplices de um Resgate\u201d &#8211; Duas irm\u00e3s g\u00eameas univitelinas que foram separadas ap\u00f3s nascimento, se reencontram somente ap\u00f3s doze anos. Manuela, uma das g\u00eameas, \u00e9 doce, meiga, gentil, e muito talentosa para a m\u00fasica e tem uma voz encantadora. Vive uma vida feliz no Vilarejo dos Sonhos, onde mora com sua av\u00f3 Nina, sua tia Helena e sua m\u00e3e Rebeca, que d\u00e1 muito amor e carinho a filha por ela nunca ter tido um pai, e ela \u00e9 a m\u00e3e biol\u00f3gica das duas garotas, mas nunca soube que teve g\u00eameas.<\/p>\n","protected":false},"excerpt":{"rendered":"<p>Resumo novela \u201cC\u00famplices de um Resgate\u201d 13\/02: no cap\u00edtulo 290(*) da novela, quinta-feira, 13 de fevereiro, Lola decide maquiar Meire, que foi chamada de feia. Helena se depara com a s\u00edndica e se assusta com a maquiagem dela. A veterin\u00e1ria diz que Meire deveria tirar o excesso da maquiagem e mudar um pouco de visual. [&hellip;]<\/p>\n","protected":false},"author":4,"featured_media":164526,"comment_status":"open","ping_status":"closed","sticky":false,"template":"","format":"standard","meta":{"tdm_status":"","tdm_grid_status":"","footnotes":""},"categories":[379,372,343],"tags":[441],"class_list":{"0":"post-188695","1":"post","2":"type-post","3":"status-publish","4":"format-standard","5":"has-post-thumbnail","7":"category-novelas","8":"category-sbt","9":"category-televisao","10":"tag-resumo-do-dia"},"_links":{"self":[{"href":"https:\/\/migracao.redenoticia.com.br\/noticia\/wp-json\/wp\/v2\/posts\/188695","targetHints":{"allow":["GET"]}}],"collection":[{"href":"https:\/\/migracao.redenoticia.com.br\/noticia\/wp-json\/wp\/v2\/posts"}],"about":[{"href":"https:\/\/migracao.redenoticia.com.br\/noticia\/wp-json\/wp\/v2\/types\/post"}],"author":[{"embeddable":true,"href":"https:\/\/migracao.redenoticia.com.br\/noticia\/wp-json\/wp\/v2\/users\/4"}],"replies":[{"embeddable":true,"href":"https:\/\/migracao.redenoticia.com.br\/noticia\/wp-json\/wp\/v2\/comments?post=188695"}],"version-history":[{"count":0,"href":"https:\/\/migracao.redenoticia.com.br\/noticia\/wp-json\/wp\/v2\/posts\/188695\/revisions"}],"wp:featuredmedia":[{"embeddable":true,"href":"https:\/\/migracao.redenoticia.com.br\/noticia\/wp-json\/wp\/v2\/media\/164526"}],"wp:attachment":[{"href":"https:\/\/migracao.redenoticia.com.br\/noticia\/wp-json\/wp\/v2\/media?parent=188695"}],"wp:term":[{"taxonomy":"category","embeddable":true,"href":"https:\/\/migracao.redenoticia.com.br\/noticia\/wp-json\/wp\/v2\/categories?post=188695"},{"taxonomy":"post_tag","embeddable":true,"href":"https:\/\/migracao.redenoticia.com.br\/noticia\/wp-json\/wp\/v2\/tags?post=188695"}],"curies":[{"name":"wp","href":"https:\/\/api.w.org\/{rel}","templated":true}]}}