{"id":188785,"date":"2020-02-15T16:49:00","date_gmt":"2020-02-15T19:49:00","guid":{"rendered":"https:\/\/www.redenoticia.com.br\/noticia\/?p=188785"},"modified":"2020-02-18T22:18:40","modified_gmt":"2020-02-19T01:18:40","slug":"bbb-20-resultado-enquete-na-segunda-lideranca-quem-guilherme-deve-indicar-para-o-paredao","status":"publish","type":"post","link":"https:\/\/migracao.redenoticia.com.br\/noticia\/2020\/bbb-20-resultado-enquete-na-segunda-lideranca-quem-guilherme-deve-indicar-para-o-paredao\/188785","title":{"rendered":"\u201cBBB\u201d 20 resultado enquete: quem Guilherme deve indicar para o pared\u00e3o na segunda lideran\u00e7a"},"content":{"rendered":"<p><strong><em><img loading=\"lazy\" decoding=\"async\" class=\"aligncenter size-large wp-image-166033\" src=\"https:\/\/migracao.redenoticia.com.br\/noticia\/imagens\/BBB-enquete-votacao-400x205.jpg\" alt=\"\" width=\"400\" height=\"205\" srcset=\"https:\/\/migracao.redenoticia.com.br\/noticia\/imagens\/BBB-enquete-votacao-400x205.jpg 400w, https:\/\/migracao.redenoticia.com.br\/noticia\/imagens\/BBB-enquete-votacao-250x128.jpg 250w, https:\/\/migracao.redenoticia.com.br\/noticia\/imagens\/BBB-enquete-votacao-768x393.jpg 768w, https:\/\/migracao.redenoticia.com.br\/noticia\/imagens\/BBB-enquete-votacao-696x356.jpg 696w, https:\/\/migracao.redenoticia.com.br\/noticia\/imagens\/BBB-enquete-votacao-150x77.jpg 150w, https:\/\/migracao.redenoticia.com.br\/noticia\/imagens\/BBB-enquete-votacao-560x287.jpg 560w, https:\/\/migracao.redenoticia.com.br\/noticia\/imagens\/BBB-enquete-votacao.jpg 885w\" sizes=\"auto, (max-width: 400px) 100vw, 400px\" \/>&#8220;BBB&#8221; 20 enquete (Prova do L\u00edder 13\/02)<\/em><\/strong>: Antes do in\u00edcio da Prova do L\u00edder, Tiago Leifert falou sobre a din\u00e2mica da quarta semana do &#8220;BBB&#8221; 20: &#8220;Ser\u00e1 um Pared\u00e3o triplo, mas teremos quatro indica\u00e7\u00f5es. A indica\u00e7\u00e3o do L\u00edder no domingo, normalmente; os dois mais votados da casa no domingo; e uma pessoa vai ao Pared\u00e3o na prova de hoje&#8230; Jogam a Prova Bate e Volta essa pessoa que for ao Pared\u00e3o hoje, e os dois mais votados da casa.&#8221;<\/p>\n<p>Gabi n\u00e3o teve direito a vetos. Na Prova do L\u00edder, todos os 17 brothers participaram individualmente. Regras: No gramado da casa h\u00e1 duas urnas, uma com a foto de cada participante e outra com bichos e plantas da selva. O participante sorteado vai escolher o brother que vai se posicionar na base referente ao bicho\/planta sorteado. E assim por diante, at\u00e9 todos terem a sua base. Quatro bases t\u00eam o \u201cPoder da troca\u201d, s\u00e3o elas: samambaia, cobra, urubu e anta. Quem estiver nessas bases poder\u00e1 escolher trocar de lugar com algu\u00e9m ou ent\u00e3o, trocar duas pessoas de lugar.<\/p>\n<p>Feitas as trocas, anunciaremos o \u201cpoder\u201d de duas bases: A base Samambaia coloca o brother que est\u00e1 nela no Pared\u00e3o. J\u00e1 a base \u00c1guia, d\u00e1 ao brother que est\u00e1 nela, o poder de escolher o novo L\u00edder do &#8220;BBB&#8221;20. Marcela terminou o jogo na base Samambaia e est\u00e1 no Pared\u00e3o. Gabi terminou na base \u00c1guia e nomeou Guilherme como novo L\u00edder do &#8220;BBB&#8221; 20. Guilherme definiu o grupo VIP: Gabi, Bianca, Mari, Flayslane, Rafa e Pyong. Resultado da vota\u00e7\u00e3o na enquete:<\/p>\n<p> <script type=\"text\/javascript\" charset=\"utf-8\" data-cfasync=\"false\" src=\"https:\/\/secure.polldaddy.com\/p\/10505964.js\"><\/script><br \/>\n<noscript><a href=\"https:\/\/poll.fm\/10505964\">\u201cBBB\u201d 20 enquete: quem Guilherme deve indicar para o pared\u00e3o<\/a><\/noscript><\/p>\n<p>Guilherme indicou Lucas.<\/p>\n<div class=\"destaques\">\n<h5>Destaques:<\/h5>\n<p><a href=\"https:\/\/migracao.redenoticia.com.br\/noticia\/2020\/bbb-20-resultado-enquete-votacao-em-babu-lucas-e-victor-movimenta-o-paredao\/188893\">\u201cBBB\u201d 20 resultado enquete: vota\u00e7\u00e3o em Babu, Lucas e Victor movimentou o pared\u00e3o<\/a><br \/>\n<a href=\"https:\/\/migracao.redenoticia.com.br\/noticia\/2020\/bbb-20-ultimas-noticias\/186971\">&#8220;BBB&#8221; 20 \u00faltimas not\u00edcias<\/a><br \/>\n<a href=\"https:\/\/migracao.redenoticia.com.br\/noticia\/2020\/bbb-20-resultado-da-enquete-quem-merece-vencer-o-programa\/187630\">\u201cBBB\u201d 20 resultado da enquete: quem merece vencer o programa<\/a><br \/>\n<a href=\"https:\/\/migracao.redenoticia.com.br\/noticia\/2020\/bbb-20-prova-do-anjo-e-castigo-do-monstro\/187601\">&#8220;BBB&#8221; 20: prova do Anjo e Castigo do Monstro<\/a><\/p>\n<\/div>\n<p>Os inscritos selecionados para o grupo Pipoca: o arquiteto Felipe Prior, a cantora Flayslane Lane, advogada Gizelly Bicalho, o modelo Guilherme Napolitano, o ex-jogador Hadson Nery, o fisioterapeuta Lucas Gallina, as m\u00e9dicas Marcela Mc Gowan e Thelma Assis e o psic\u00f3logo Victor Hugo. O ator Babu Santana, as influenciadoras Bianca Andrade, Mari Gonzalez e Rafa Kalimann, as cantoras Gabi Martins e Manu Gavassi, o youtuber hipn\u00f3logo Pyong Lee, o surfista Lucas Chumbo e o ginasta Petrix Barbosa foram convidados e formaram grupo Camarote. Daniel e Ivy venceram a disputa da Casa de Vidro e entraram na casa em 04\/02.<\/p>\n<p>Fonte e imagem &#8220;BBB&#8221; 20 Rede Globo<\/p>\n","protected":false},"excerpt":{"rendered":"<p>&#8220;BBB&#8221; 20 enquete (Prova do L\u00edder 13\/02): Antes do in\u00edcio da Prova do L\u00edder, Tiago Leifert falou sobre a din\u00e2mica da quarta semana do &#8220;BBB&#8221; 20: &#8220;Ser\u00e1 um Pared\u00e3o triplo, mas teremos quatro indica\u00e7\u00f5es. A indica\u00e7\u00e3o do L\u00edder no domingo, normalmente; os dois mais votados da casa no domingo; e uma pessoa vai ao Pared\u00e3o [&hellip;]<\/p>\n","protected":false},"author":5,"featured_media":166033,"comment_status":"open","ping_status":"closed","sticky":false,"template":"","format":"standard","meta":{"tdm_status":"","tdm_grid_status":"","footnotes":""},"categories":[554,520,388,375,343],"tags":[466,521],"class_list":{"0":"post-188785","1":"post","2":"type-post","3":"status-publish","4":"format-standard","5":"has-post-thumbnail","7":"category-bbb-20","8":"category-big-brother-brasil","9":"category-destaques","10":"category-rede-globo","11":"category-televisao","12":"tag-bbb","13":"tag-enquete"},"_links":{"self":[{"href":"https:\/\/migracao.redenoticia.com.br\/noticia\/wp-json\/wp\/v2\/posts\/188785","targetHints":{"allow":["GET"]}}],"collection":[{"href":"https:\/\/migracao.redenoticia.com.br\/noticia\/wp-json\/wp\/v2\/posts"}],"about":[{"href":"https:\/\/migracao.redenoticia.com.br\/noticia\/wp-json\/wp\/v2\/types\/post"}],"author":[{"embeddable":true,"href":"https:\/\/migracao.redenoticia.com.br\/noticia\/wp-json\/wp\/v2\/users\/5"}],"replies":[{"embeddable":true,"href":"https:\/\/migracao.redenoticia.com.br\/noticia\/wp-json\/wp\/v2\/comments?post=188785"}],"version-history":[{"count":0,"href":"https:\/\/migracao.redenoticia.com.br\/noticia\/wp-json\/wp\/v2\/posts\/188785\/revisions"}],"wp:featuredmedia":[{"embeddable":true,"href":"https:\/\/migracao.redenoticia.com.br\/noticia\/wp-json\/wp\/v2\/media\/166033"}],"wp:attachment":[{"href":"https:\/\/migracao.redenoticia.com.br\/noticia\/wp-json\/wp\/v2\/media?parent=188785"}],"wp:term":[{"taxonomy":"category","embeddable":true,"href":"https:\/\/migracao.redenoticia.com.br\/noticia\/wp-json\/wp\/v2\/categories?post=188785"},{"taxonomy":"post_tag","embeddable":true,"href":"https:\/\/migracao.redenoticia.com.br\/noticia\/wp-json\/wp\/v2\/tags?post=188785"}],"curies":[{"name":"wp","href":"https:\/\/api.w.org\/{rel}","templated":true}]}}