{"id":188848,"date":"2020-02-15T19:36:42","date_gmt":"2020-02-15T22:36:42","guid":{"rendered":"https:\/\/www.redenoticia.com.br\/noticia\/?p=188848"},"modified":"2020-02-15T19:36:42","modified_gmt":"2020-02-15T22:36:42","slug":"resumo-novela-cumplices-de-um-resgate-17-02-raul-chama-a-atencao-de-regina-e-arthur","status":"publish","type":"post","link":"https:\/\/migracao.redenoticia.com.br\/noticia\/2020\/resumo-novela-cumplices-de-um-resgate-17-02-raul-chama-a-atencao-de-regina-e-arthur\/188848","title":{"rendered":"Resumo novela \u201cC\u00famplices de um Resgate\u201d 17\/02: Raul chama a aten\u00e7\u00e3o de Regina e Arthur"},"content":{"rendered":"<p> <img loading=\"lazy\" decoding=\"async\" class=\"aligncenter size-large wp-image-164526\" src=\"https:\/\/migracao.redenoticia.com.br\/noticia\/imagens\/cumplices-de-um-resgate-001-316x300.jpg\" alt=\"\" width=\"316\" height=\"300\" srcset=\"https:\/\/migracao.redenoticia.com.br\/noticia\/imagens\/cumplices-de-um-resgate-001-316x300.jpg 316w, https:\/\/migracao.redenoticia.com.br\/noticia\/imagens\/cumplices-de-um-resgate-001-197x187.jpg 197w, https:\/\/migracao.redenoticia.com.br\/noticia\/imagens\/cumplices-de-um-resgate-001-150x143.jpg 150w, https:\/\/migracao.redenoticia.com.br\/noticia\/imagens\/cumplices-de-um-resgate-001.jpg 526w\" sizes=\"auto, (max-width: 316px) 100vw, 316px\" \/><\/p>\n<p><strong><em>Resumo novela \u201cC\u00famplices de um Resgate\u201d 17\/02<\/em><\/strong>: no cap\u00edtulo 292(*) da novela, segunda-feira, 17 de fevereiro, Fausto vai atr\u00e1s de Helena no apartamento e ela pede para Dinho dizer que ela n\u00e3o est\u00e1. Come\u00e7a a coletiva de imprensa sobre o novo CD da banda C1R. Regina apresenta os integrantes e Arthur abre para perguntas da imprensa. Ao responder a quest\u00e3o da jornalista do SBT em Revista sobre haver uma paix\u00e3o no grupo, Joaquim se levanta para revelar por quem est\u00e1 apaixonado. No vilarejo, T\u00e9o ouve Manuela dizer que \u00e9 Isabela ao telefone.<\/p>\n<p>Na coletiva de imprensa, Joaquim revela estar apaixonado por Isabela, que na verdade \u00e9 Manuela, e que ele e Priscila s\u00e3o apenas amigos. O adolescente explica que houve um equ\u00edvoco da imprensa anteriormente. No vilarejo, Isabela, que finge ser Manuela, conta para T\u00e9o que estava apenas brincando de passar um trote. Tomas diz que Safira pode conseguir um novo aumento para ele, pois se ela o ajudar ele tamb\u00e9m lhe ajudar\u00e1. D\u00f3ris est\u00e1 triste em casa e se abre apenas com Matheus. A pequena pergunta se o pai deles pode ter uma amante. O garoto diz que de maneira alguma. Raul chama a aten\u00e7\u00e3o de Regina e Arthur por terem espalhado na imprensa o falso namoro de Priscila e Joaquim.<\/p>\n<p>Flavia vai at\u00e9 a igreja evang\u00e9lica conforme o pedido do pastor Augusto. T\u00e9o lembra de todos os momentos em que percebeu as diferen\u00e7as no comportamento de Manuela, que na verdade \u00e9 Isabela. Alicia diz para Lola que ela precisa parar de mexer tanto no tablet para fazer a li\u00e7\u00e3o de casa. Meire se sente feia e Dinho est\u00e1 convicto que ela precisa de um marido. Ot\u00e1vio vai at\u00e9 a On-Enterprise a noite e se deparar com Rebeca em sua sala, que faz uma surpresa e revela que as borboletas a trouxeram de volta para ele.<\/p>\n<p>(*) edi\u00e7\u00e3o do SBT, Novela \u201cC\u00famplices de um Resgate\u201d, sujeito a altera\u00e7\u00e3o de data e conte\u00fado.<\/p>\n<p>\u201cC\u00famplices de um Resgate\u201d &#8211; Duas irm\u00e3s g\u00eameas univitelinas que foram separadas ap\u00f3s nascimento, se reencontram somente ap\u00f3s doze anos. Manuela, uma das g\u00eameas, \u00e9 doce, meiga, gentil, e muito talentosa para a m\u00fasica e tem uma voz encantadora. Vive uma vida feliz no Vilarejo dos Sonhos, onde mora com sua av\u00f3 Nina, sua tia Helena e sua m\u00e3e Rebeca, que d\u00e1 muito amor e carinho a filha por ela nunca ter tido um pai, e ela \u00e9 a m\u00e3e biol\u00f3gica das duas garotas, mas nunca soube que teve g\u00eameas.<\/p>\n","protected":false},"excerpt":{"rendered":"<p>Resumo novela \u201cC\u00famplices de um Resgate\u201d 17\/02: no cap\u00edtulo 292(*) da novela, segunda-feira, 17 de fevereiro, Fausto vai atr\u00e1s de Helena no apartamento e ela pede para Dinho dizer que ela n\u00e3o est\u00e1. Come\u00e7a a coletiva de imprensa sobre o novo CD da banda C1R. Regina apresenta os integrantes e Arthur abre para perguntas da [&hellip;]<\/p>\n","protected":false},"author":5,"featured_media":164525,"comment_status":"open","ping_status":"closed","sticky":false,"template":"","format":"standard","meta":{"tdm_status":"","tdm_grid_status":"","footnotes":""},"categories":[379,372,343],"tags":[441],"class_list":{"0":"post-188848","1":"post","2":"type-post","3":"status-publish","4":"format-standard","5":"has-post-thumbnail","7":"category-novelas","8":"category-sbt","9":"category-televisao","10":"tag-resumo-do-dia"},"_links":{"self":[{"href":"https:\/\/migracao.redenoticia.com.br\/noticia\/wp-json\/wp\/v2\/posts\/188848","targetHints":{"allow":["GET"]}}],"collection":[{"href":"https:\/\/migracao.redenoticia.com.br\/noticia\/wp-json\/wp\/v2\/posts"}],"about":[{"href":"https:\/\/migracao.redenoticia.com.br\/noticia\/wp-json\/wp\/v2\/types\/post"}],"author":[{"embeddable":true,"href":"https:\/\/migracao.redenoticia.com.br\/noticia\/wp-json\/wp\/v2\/users\/5"}],"replies":[{"embeddable":true,"href":"https:\/\/migracao.redenoticia.com.br\/noticia\/wp-json\/wp\/v2\/comments?post=188848"}],"version-history":[{"count":0,"href":"https:\/\/migracao.redenoticia.com.br\/noticia\/wp-json\/wp\/v2\/posts\/188848\/revisions"}],"wp:featuredmedia":[{"embeddable":true,"href":"https:\/\/migracao.redenoticia.com.br\/noticia\/wp-json\/wp\/v2\/media\/164525"}],"wp:attachment":[{"href":"https:\/\/migracao.redenoticia.com.br\/noticia\/wp-json\/wp\/v2\/media?parent=188848"}],"wp:term":[{"taxonomy":"category","embeddable":true,"href":"https:\/\/migracao.redenoticia.com.br\/noticia\/wp-json\/wp\/v2\/categories?post=188848"},{"taxonomy":"post_tag","embeddable":true,"href":"https:\/\/migracao.redenoticia.com.br\/noticia\/wp-json\/wp\/v2\/tags?post=188848"}],"curies":[{"name":"wp","href":"https:\/\/api.w.org\/{rel}","templated":true}]}}