{"id":188990,"date":"2020-02-25T17:24:05","date_gmt":"2020-02-25T20:24:05","guid":{"rendered":"https:\/\/www.redenoticia.com.br\/noticia\/?p=188990"},"modified":"2020-02-25T17:25:02","modified_gmt":"2020-02-25T20:25:02","slug":"novela-eramos-seis-ines-e-alfredo-voltam-da-guerra-e-nao-encontram-afonso","status":"publish","type":"post","link":"https:\/\/migracao.redenoticia.com.br\/noticia\/2020\/novela-eramos-seis-ines-e-alfredo-voltam-da-guerra-e-nao-encontram-afonso\/188990","title":{"rendered":"Novela \u201c\u00c9ramos Seis\u201d: In\u00eas e Alfredo voltam da guerra e n\u00e3o encontram Afonso"},"content":{"rendered":"<p><img loading=\"lazy\" decoding=\"async\" src=\"https:\/\/migracao.redenoticia.com.br\/noticia\/imagens\/eramos-seis-resumo-noticia-novela-02-300x300.jpg\" alt=\"\" width=\"300\" height=\"300\" class=\"aligncenter size-large wp-image-182542\" srcset=\"https:\/\/migracao.redenoticia.com.br\/noticia\/imagens\/eramos-seis-resumo-noticia-novela-02-300x300.jpg 300w, https:\/\/migracao.redenoticia.com.br\/noticia\/imagens\/eramos-seis-resumo-noticia-novela-02-187x187.jpg 187w, https:\/\/migracao.redenoticia.com.br\/noticia\/imagens\/eramos-seis-resumo-noticia-novela-02.jpg 524w\" sizes=\"auto, (max-width: 300px) 100vw, 300px\" \/> <strong><em>Novela \u201c\u00c9ramos Seis\u201d:<\/em><\/strong> Afonso (C\u00e1ssio Gabus Mendes) leva alimento para os soldados em Itapetininga e encontra Lola (Gloria Pires), que foi na cidade para visitar seu filho Alfredo (Nicolas Prattes). Afonso esclarece que n\u00e3o se envolveu com Shirley (B\u00e1rbara Reis) e eles assumem o namoro. Lola volta para casa feliz, Afonso segue viagem e, na volta de Itapetininga para S\u00e3o Paulo, \u00e9 atingido por uma explos\u00e3o na estrada. Ele \u00e9 hospitalizado como desconhecido, em estado grave. Afonso fica desacordado e \u00e9 anunciado o fim da guerra. <\/p>\n<p>In\u00eas (Carol Macedo) volta para casa, abra\u00e7a Shirley e pergunta: \u201cPapai n\u00e3o mandou nenhum recado mesmo? Tem certeza que o telefone n\u00e3o est\u00e1 engui\u00e7ado?&#8230; Todas as tropas foram desmobilizadas, o acampamento desmontado, as estradas liberadas. N\u00e3o h\u00e1 raz\u00e3o pra ele n\u00e3o ter chegado ainda\u201d. Alfredo \u00e9 recebido com abra\u00e7os e fala: \u201cPassei no armaz\u00e9m pra dar um abra\u00e7o no seu Afonso. Soube que ele esteve nos acampamentos, levando mantimentos. Mas n\u00e3o voltou at\u00e9 agora. Durvalina me disse que dona Shirley e In\u00eas est\u00e3o muito preocupadas. N\u00e3o \u00e9 pra menos&#8230;\u201d. Lola diz: \u201cO que ser\u00e1 que houve? Estou ficando t\u00e3o aflita, a guerra acabou ele n\u00e3o apareceu!\u201d. <\/p>\n<p>Lola avista a caminhonete de Afonso, ouve um oficial conversando com In\u00eas e ela explica: \u201cMas n\u00e3o acharam meu pai, n\u00e3o sabem onde ele est\u00e1&#8221;. Lola lamenta: \u201cEstive com ele pros lados de Itapetininga. Ele ainda ia fazer outras viagens e parou pra me fazer uma visita &#8230; Foi falar comigo porque achou que era importante. E era mesmo, dona Shirley, fizemos uns acertos e vai saber quando for a hora. N\u00e3o vou cair mais na sua conversa\u201d. Lola liga para Zeca (Eduardo Sterblitch) e ele diz que vai procur\u00e1-lo. <\/p>\n<p>Alfredo diz \u00e0 m\u00e3e que ir\u00e1 at\u00e9 quart\u00e9is e hospitais: \u201cMam\u00e3e, n\u00e3o pense o pior. Vou tentar descobrir tamb\u00e9m. Fica tranquila, confia em mim\u201d. Enquanto isso, Afonso est\u00e1 isolado no hospital, sem identifica\u00e7\u00e3o. A enfermeira diz: \u201cA febre n\u00e3o cede, doutor&#8230; Continuamos sem saber o nome dele, nada. Chegou aqui transferido do hospital de campanha, e o quadro s\u00f3 piorou\u201d. O m\u00e9dico orienta: \u201cPor causa da febre, que n\u00e3o cede&#8230; Ele tem que ficar em quarentena. Mantenha o isolamento\u201d. Cena prevista para dia 26 de fevereiro na novela \u201c\u00c9ramos Seis\u201d.<\/p>\n<p>\u201c\u00c9ramos Seis\u201d: Casada com J\u00falio (Antonio Calloni), Lola (Gloria Pires) \u00e9 uma esposa devotada e m\u00e3e de quatro filhos: Carlos (Xande Valois\/ Danilo Mesquita), o mais velho e motivo de orgulho para os pais; Alfredo (Pedro Sol\/ Nicolas Prattes), rebelde que vive se metendo em confus\u00f5es e tem ci\u00fames do irm\u00e3o; Isabel (Maju Lima\/ Giullia Buscacio), determinada e independente, \u00e9 a favorita do pai &#8211; por ser a \u00fanica filha mulher; e Julinho (Davi de Oliveira\/ Andr\u00e9 Luiz Frambach), o ca\u00e7ula da fam\u00edlia &#8211; que desde crian\u00e7a demonstra habilidade para lidar com dinheiro.<\/p>\n<p>A hist\u00f3ria come\u00e7a com Lola e J\u00falio passando sufoco para poder pagar as parcelas do casar\u00e3o que compraram em S\u00e3o Paulo. O primeiro bem do casal sai mais caro do que eles previam por causa dos alt\u00edssimos juros do financiamento banc\u00e1rio. O im\u00f3vel acaba gerando um impasse entre eles: para ela, o local \u00e9 a alma da fam\u00edlia. Para ele, um empecilho para melhorar de vida.<\/p>\n","protected":false},"excerpt":{"rendered":"<p>Novela \u201c\u00c9ramos Seis\u201d: Afonso (C\u00e1ssio Gabus Mendes) leva alimento para os soldados em Itapetininga e encontra Lola (Gloria Pires), que foi na cidade para visitar seu filho Alfredo (Nicolas Prattes). Afonso esclarece que n\u00e3o se envolveu com Shirley (B\u00e1rbara Reis) e eles assumem o namoro. Lola volta para casa feliz, Afonso segue viagem e, na [&hellip;]<\/p>\n","protected":false},"author":5,"featured_media":184550,"comment_status":"open","ping_status":"closed","sticky":false,"template":"","format":"standard","meta":{"tdm_status":"","tdm_grid_status":"","footnotes":""},"categories":[388,548,379,375,343],"tags":[440],"class_list":{"0":"post-188990","1":"post","2":"type-post","3":"status-publish","4":"format-standard","5":"has-post-thumbnail","7":"category-destaques","8":"category-eramos-seis","9":"category-novelas","10":"category-rede-globo","11":"category-televisao","12":"tag-noticia-novela"},"_links":{"self":[{"href":"https:\/\/migracao.redenoticia.com.br\/noticia\/wp-json\/wp\/v2\/posts\/188990","targetHints":{"allow":["GET"]}}],"collection":[{"href":"https:\/\/migracao.redenoticia.com.br\/noticia\/wp-json\/wp\/v2\/posts"}],"about":[{"href":"https:\/\/migracao.redenoticia.com.br\/noticia\/wp-json\/wp\/v2\/types\/post"}],"author":[{"embeddable":true,"href":"https:\/\/migracao.redenoticia.com.br\/noticia\/wp-json\/wp\/v2\/users\/5"}],"replies":[{"embeddable":true,"href":"https:\/\/migracao.redenoticia.com.br\/noticia\/wp-json\/wp\/v2\/comments?post=188990"}],"version-history":[{"count":0,"href":"https:\/\/migracao.redenoticia.com.br\/noticia\/wp-json\/wp\/v2\/posts\/188990\/revisions"}],"wp:featuredmedia":[{"embeddable":true,"href":"https:\/\/migracao.redenoticia.com.br\/noticia\/wp-json\/wp\/v2\/media\/184550"}],"wp:attachment":[{"href":"https:\/\/migracao.redenoticia.com.br\/noticia\/wp-json\/wp\/v2\/media?parent=188990"}],"wp:term":[{"taxonomy":"category","embeddable":true,"href":"https:\/\/migracao.redenoticia.com.br\/noticia\/wp-json\/wp\/v2\/categories?post=188990"},{"taxonomy":"post_tag","embeddable":true,"href":"https:\/\/migracao.redenoticia.com.br\/noticia\/wp-json\/wp\/v2\/tags?post=188990"}],"curies":[{"name":"wp","href":"https:\/\/api.w.org\/{rel}","templated":true}]}}