{"id":18902,"date":"2009-12-01T22:19:08","date_gmt":"2009-12-02T02:19:08","guid":{"rendered":"http:\/\/www.redenoticia.com.br\/noticia\/?p=18902"},"modified":"2012-04-02T15:37:32","modified_gmt":"2012-04-02T18:37:32","slug":"viver-e-vida-relacao-entre-betina-e-carlos-pode-esquentar","status":"publish","type":"post","link":"https:\/\/migracao.redenoticia.com.br\/noticia\/2009\/viver-e-vida-relacao-entre-betina-e-carlos-pode-esquentar\/18902","title":{"rendered":"Viver e Vida &#8211; rela\u00e7\u00e3o entre Betina e Carlos pode esquentar"},"content":{"rendered":"<p><img loading=\"lazy\" decoding=\"async\" class=\"alignleft size-full wp-image-17353\" title=\"novela globo viver a vida\" src=\"https:\/\/migracao.redenoticia.com.br\/noticia\/imagens\/novela-globo-viver-a-vida.jpg\" alt=\"novela globo viver a vida\" width=\"300\" height=\"193\" srcset=\"https:\/\/migracao.redenoticia.com.br\/noticia\/imagens\/novela-globo-viver-a-vida.jpg 300w, https:\/\/migracao.redenoticia.com.br\/noticia\/imagens\/novela-globo-viver-a-vida-250x160.jpg 250w, https:\/\/migracao.redenoticia.com.br\/noticia\/imagens\/novela-globo-viver-a-vida-150x96.jpg 150w\" sizes=\"auto, (max-width: 300px) 100vw, 300px\" \/>Em <strong><em>Viver a Vida<\/em><\/strong>, <strong><em>novela da Rede Globo<\/em><\/strong>, uma rela\u00e7\u00e3o interessante come\u00e7a a esquentar e vai deixar a torcida dividida. Betina, a personagem vivida por Let\u00edcia Spiller, casada e apaixonada pelo marido Gustavo que constantemente trai a esposa, come\u00e7a a se relacionar com Carlos. Mesmo que Betina tenha uma certa resist\u00eancia e seja fiel, at\u00e9 quando ela conseguir\u00e1 resistir ao charme de um novo relacionamento.<\/p>\n<p>Gustavo segue extremamente machista e com as trai\u00e7\u00f5es, inclusive com a prima da esposa. Mesmo com a impon\u00eancia do marido Betina se cuida, usa roupas ousadas e enfrenta a situa\u00e7\u00e3o, inclusive quando o assunto \u00e9 a filha. No namoro da filha, Betina se imp\u00f5e e enfrenta as restri\u00e7\u00f5es impostas pelo marido.<\/p>\n<p>Quando Betina descobrir as trai\u00e7\u00f5es ser\u00e1 um choque. Ela vai sofrer e se anular ou vai reagir rapidamente com a for\u00e7a dos amigos.<\/p>\n<p>No cap\u00edtulo de quinta-feira (03\/12), Betina confidencia a Ingrid que saiu com Carlos e que ele lhe prop\u00f4s um programa a dois. Osmar convida Renata para fazer um ensaio fotogr\u00e1fico para uma campanha e ela fica radiante.\u00a0<\/p>\n<p>Viver a Vida \u2013 novela da Rede Globo<\/p>\n","protected":false},"excerpt":{"rendered":"<p>Em Viver a Vida, novela da Rede Globo, uma rela\u00e7\u00e3o interessante come\u00e7a a esquentar e vai deixar a torcida dividida. Betina, a personagem vivida por Let\u00edcia Spiller, casada e apaixonada pelo marido Gustavo que constantemente trai a esposa, come\u00e7a a se relacionar com Carlos. Mesmo que Betina tenha uma certa resist\u00eancia e seja fiel, at\u00e9 [&hellip;]<\/p>\n","protected":false},"author":3,"featured_media":0,"comment_status":"open","ping_status":"open","sticky":false,"template":"","format":"standard","meta":{"tdm_status":"","tdm_grid_status":"","footnotes":""},"categories":[379,375,343],"tags":[],"class_list":{"0":"post-18902","1":"post","2":"type-post","3":"status-publish","4":"format-standard","6":"category-novelas","7":"category-rede-globo","8":"category-televisao"},"_links":{"self":[{"href":"https:\/\/migracao.redenoticia.com.br\/noticia\/wp-json\/wp\/v2\/posts\/18902","targetHints":{"allow":["GET"]}}],"collection":[{"href":"https:\/\/migracao.redenoticia.com.br\/noticia\/wp-json\/wp\/v2\/posts"}],"about":[{"href":"https:\/\/migracao.redenoticia.com.br\/noticia\/wp-json\/wp\/v2\/types\/post"}],"author":[{"embeddable":true,"href":"https:\/\/migracao.redenoticia.com.br\/noticia\/wp-json\/wp\/v2\/users\/3"}],"replies":[{"embeddable":true,"href":"https:\/\/migracao.redenoticia.com.br\/noticia\/wp-json\/wp\/v2\/comments?post=18902"}],"version-history":[{"count":0,"href":"https:\/\/migracao.redenoticia.com.br\/noticia\/wp-json\/wp\/v2\/posts\/18902\/revisions"}],"wp:attachment":[{"href":"https:\/\/migracao.redenoticia.com.br\/noticia\/wp-json\/wp\/v2\/media?parent=18902"}],"wp:term":[{"taxonomy":"category","embeddable":true,"href":"https:\/\/migracao.redenoticia.com.br\/noticia\/wp-json\/wp\/v2\/categories?post=18902"},{"taxonomy":"post_tag","embeddable":true,"href":"https:\/\/migracao.redenoticia.com.br\/noticia\/wp-json\/wp\/v2\/tags?post=18902"}],"curies":[{"name":"wp","href":"https:\/\/api.w.org\/{rel}","templated":true}]}}