{"id":18905,"date":"2009-12-01T23:15:26","date_gmt":"2009-12-02T03:15:26","guid":{"rendered":"http:\/\/www.redenoticia.com.br\/noticia\/?p=18905"},"modified":"2009-12-01T23:15:26","modified_gmt":"2009-12-02T03:15:26","slug":"rede-record-%e2%80%93-jurados-criticam-apresentacao-dos-idolos-2009","status":"publish","type":"post","link":"https:\/\/migracao.redenoticia.com.br\/noticia\/2009\/rede-record-%e2%80%93-jurados-criticam-apresentacao-dos-idolos-2009\/18905","title":{"rendered":"Rede Record \u2013 jurados criticam apresenta\u00e7\u00e3o dos \u00cddolos 2009"},"content":{"rendered":"<p><strong><em><img loading=\"lazy\" decoding=\"async\" class=\"alignleft size-full wp-image-17685\" title=\"idolos\" src=\"https:\/\/migracao.redenoticia.com.br\/noticia\/imagens\/idolos4.jpg\" alt=\"idolos\" width=\"300\" height=\"193\" srcset=\"https:\/\/migracao.redenoticia.com.br\/noticia\/imagens\/idolos4.jpg 300w, https:\/\/migracao.redenoticia.com.br\/noticia\/imagens\/idolos4-250x160.jpg 250w, https:\/\/migracao.redenoticia.com.br\/noticia\/imagens\/idolos4-150x96.jpg 150w\" sizes=\"auto, (max-width: 300px) 100vw, 300px\" \/>Rede Record<\/em><\/strong> \u2013 agora s\u00e3o duas mulheres e dois homens na busca do grande sonho de ser o \u00cddolo da Rede Record, mas nesta ter\u00e7a-feira (01\/12), os jurados do programa <strong><em>\u00cddolos 2009<\/em><\/strong> fizeram diversos coment\u00e1rios negativos para as apresenta\u00e7\u00f5es que os candidatos fizeram, acompanhados pelo m\u00fasico Milton Guedes. Todos apresentaram duas m\u00fasicas, a primeira em homenagem a algu\u00e9m especial e a segunda que marcou um momento da vida.<\/p>\n<p>A Rede Record mostrou primeiro o candidato do \u00cddolos 2009 Saulo. Ele dedicou Monalisa para sua namorada e Eu sei que vou te amar pela rela\u00e7\u00e3o entre seus pais. Os jurados acharam que ele se comunica bem com o p\u00fablico, falta definir o estilo, est\u00e1 seguro mas deixou de cantar tudo o que sabe para interpretar no palco. Diego foi o segundo da noite e cantou Maria Maria para sua m\u00e3e e Negro Gato pela mal\u00edcia necess\u00e1ria para a vida. Os jurados \u00cddolos 2009 da Rede Record acharam que a apresenta\u00e7\u00e3o continua forte e segura, mas falta defini\u00e7\u00e3o do estilo e melhor escolha da m\u00fasica.<\/p>\n<p>Entre as mulheres que ficaram no \u00cddolos 2009, a Rede Record mostrou primeiro a candidata Helen. Ela cantou O que eu fa\u00e7o amanh\u00e3 em homenagem \u00e0 irm\u00e3 e Entreolhares que fala de seus amores. Foi muito aplaudida pela plat\u00e9ia mas os jurados n\u00e3o gostaram das m\u00fasicas. Mesmo assim, mostrou personalidade e explorou o timbre da voz. Priscila cantou Como \u00e9 grande o meu amor, para as pessoas que ajudaram a cantora, e Travessia, pela escolhe que teve que fazer entra um grande amor e a m\u00fasica. Os jurados acharam que ela estava bonita e foi a melhor na primeira rodada, mas foi chato e faltou emo\u00e7\u00e3o e criatividade.<\/p>\n<p>Mais um candidato do programa \u00cddolos 2009 da Rede Record deixar\u00e1 a competi\u00e7\u00e3o nesta quarta-feira, com base na vota\u00e7\u00e3o do p\u00fablico.<\/p>\n<p>Rede Record \u2013 \u00cddolos 2009<\/p>\n","protected":false},"excerpt":{"rendered":"<p>Rede Record \u2013 agora s\u00e3o duas mulheres e dois homens na busca do grande sonho de ser o \u00cddolo da Rede Record, mas nesta ter\u00e7a-feira (01\/12), os jurados do programa \u00cddolos 2009 fizeram diversos coment\u00e1rios negativos para as apresenta\u00e7\u00f5es que os candidatos fizeram, acompanhados pelo m\u00fasico Milton Guedes. Todos apresentaram duas m\u00fasicas, a primeira em [&hellip;]<\/p>\n","protected":false},"author":3,"featured_media":0,"comment_status":"open","ping_status":"open","sticky":false,"template":"","format":"standard","meta":{"tdm_status":"","tdm_grid_status":"","footnotes":""},"categories":[371,343],"tags":[],"class_list":{"0":"post-18905","1":"post","2":"type-post","3":"status-publish","4":"format-standard","6":"category-rede-record","7":"category-televisao"},"_links":{"self":[{"href":"https:\/\/migracao.redenoticia.com.br\/noticia\/wp-json\/wp\/v2\/posts\/18905","targetHints":{"allow":["GET"]}}],"collection":[{"href":"https:\/\/migracao.redenoticia.com.br\/noticia\/wp-json\/wp\/v2\/posts"}],"about":[{"href":"https:\/\/migracao.redenoticia.com.br\/noticia\/wp-json\/wp\/v2\/types\/post"}],"author":[{"embeddable":true,"href":"https:\/\/migracao.redenoticia.com.br\/noticia\/wp-json\/wp\/v2\/users\/3"}],"replies":[{"embeddable":true,"href":"https:\/\/migracao.redenoticia.com.br\/noticia\/wp-json\/wp\/v2\/comments?post=18905"}],"version-history":[{"count":0,"href":"https:\/\/migracao.redenoticia.com.br\/noticia\/wp-json\/wp\/v2\/posts\/18905\/revisions"}],"wp:attachment":[{"href":"https:\/\/migracao.redenoticia.com.br\/noticia\/wp-json\/wp\/v2\/media?parent=18905"}],"wp:term":[{"taxonomy":"category","embeddable":true,"href":"https:\/\/migracao.redenoticia.com.br\/noticia\/wp-json\/wp\/v2\/categories?post=18905"},{"taxonomy":"post_tag","embeddable":true,"href":"https:\/\/migracao.redenoticia.com.br\/noticia\/wp-json\/wp\/v2\/tags?post=18905"}],"curies":[{"name":"wp","href":"https:\/\/api.w.org\/{rel}","templated":true}]}}