{"id":189115,"date":"2020-04-05T21:08:47","date_gmt":"2020-04-06T00:08:47","guid":{"rendered":"https:\/\/www.redenoticia.com.br\/noticia\/?p=189115"},"modified":"2020-04-25T21:19:00","modified_gmt":"2020-04-26T00:19:00","slug":"bbb-20-ultimas-noticias-gizelly-pyong-flayslane-marcela","status":"publish","type":"post","link":"https:\/\/migracao.redenoticia.com.br\/noticia\/2020\/bbb-20-ultimas-noticias-gizelly-pyong-flayslane-marcela\/189115","title":{"rendered":"&#8220;BBB&#8221; 20 \u00faltimas not\u00edcias: Pyong planeja viver nos Estados Unidos"},"content":{"rendered":"<p><img loading=\"lazy\" decoding=\"async\" class=\"aligncenter size-full wp-image-118247\" src=\"https:\/\/novelas.redenoticia.com.br\/imagens\/2019\/01\/BBB-prova.jpg\" alt=\"\" width=\"600\" height=\"439\" \/><strong><em>&#8220;BBB&#8221; 20 \u00faltimas not\u00edcias<\/em><\/strong>: Em conversa com o Gshow, Pyong contou que daqui a uns anos quer tentar a carreira de ator nos Estados Unidos. Para isso, ainda precisa melhorar o ingl\u00eas que, segundo ele, &#8220;est\u00e1 75%&#8221;: \u201cMeu objetivo sempre foi o de atuar \u00e0 frente da TV e no cinema. Vou tentar a carreira nos Estados Unidos, em Hollywood, daqui a uns tr\u00eas ou quatro anos\u201d.<\/p>\n<p>Para a mudan\u00e7a de pa\u00eds, Pyong quer primeiro estruturar o Instituto Quasar, do qual \u00e9 um dos donos, especializado em Hipnoterapia Avan\u00e7ada. A hipnose, inclusive, foi muito usada pelo ex-BBB e a mulher, Sammy, em momentos de muito estresse antes da chegada do pequeno Jake.<\/p>\n<div class=\"destaques\">\n<h5>Destaques:<\/h5>\n<\/div>\n<p>Nesta edi\u00e7\u00e3o o l\u00edder define quais brothers ficam na xepa e quais ser\u00e3o do grupo VIP: &#8220;apenas quem for VIP poder\u00e1 entrar no quarto do l\u00edder e desfrutar das regalias dispon\u00edveis no c\u00f4modo. O l\u00edder continua com o poder de mandar os participantes direto para o pared\u00e3o, escolher quem frequenta seu cinema e seu quarto e, sempre que o jogo solicitar, de usar o poder do &#8216;n\u00e3o&#8217; para vetar confinados de participarem de provas&#8221;.<\/p>\n<p>O l\u00edder ganha regalias nas festas da casa, duas por semana: a festa semanal e a festa do soberano. O tema da festa do soberano ser\u00e1 inspirado em algum momento que marcou a vida do brother. Uma surpresa para todos, inclusive para o l\u00edder. A festa semanal sempre trar\u00e1 elementos antag\u00f4nicos.<\/p>\n<p>A 20\u00aa edi\u00e7\u00e3o do reality, sob o comando de Tiago Leifert e dire\u00e7\u00e3o geral de Rodrigo Dourado, chega tamb\u00e9m trazendo novidades que prometem agitar o jogo. Novas formas de escapar do pared\u00e3o. Novas din\u00e2micas que alteram a maneira de olhar o game, mas n\u00e3o mudam o clima de divers\u00e3o e disputa que move o BBB&#8221;.<\/p>\n<p>Fonte e imagem &#8220;BBB&#8221; 20 Rede Globo<\/p>\n","protected":false},"excerpt":{"rendered":"<p>&#8220;BBB&#8221; 20 \u00faltimas not\u00edcias: Em conversa com o Gshow, Pyong contou que daqui a uns anos quer tentar a carreira de ator nos Estados Unidos. Para isso, ainda precisa melhorar o ingl\u00eas que, segundo ele, &#8220;est\u00e1 75%&#8221;: \u201cMeu objetivo sempre foi o de atuar \u00e0 frente da TV e no cinema. Vou tentar a carreira [&hellip;]<\/p>\n","protected":false},"author":5,"featured_media":166032,"comment_status":"open","ping_status":"closed","sticky":false,"template":"","format":"standard","meta":{"tdm_status":"","tdm_grid_status":"","footnotes":""},"categories":[554,520,375,343],"tags":[466,523],"class_list":{"0":"post-189115","1":"post","2":"type-post","3":"status-publish","4":"format-standard","5":"has-post-thumbnail","7":"category-bbb-20","8":"category-big-brother-brasil","9":"category-rede-globo","10":"category-televisao","11":"tag-bbb","12":"tag-variedades"},"_links":{"self":[{"href":"https:\/\/migracao.redenoticia.com.br\/noticia\/wp-json\/wp\/v2\/posts\/189115","targetHints":{"allow":["GET"]}}],"collection":[{"href":"https:\/\/migracao.redenoticia.com.br\/noticia\/wp-json\/wp\/v2\/posts"}],"about":[{"href":"https:\/\/migracao.redenoticia.com.br\/noticia\/wp-json\/wp\/v2\/types\/post"}],"author":[{"embeddable":true,"href":"https:\/\/migracao.redenoticia.com.br\/noticia\/wp-json\/wp\/v2\/users\/5"}],"replies":[{"embeddable":true,"href":"https:\/\/migracao.redenoticia.com.br\/noticia\/wp-json\/wp\/v2\/comments?post=189115"}],"version-history":[{"count":0,"href":"https:\/\/migracao.redenoticia.com.br\/noticia\/wp-json\/wp\/v2\/posts\/189115\/revisions"}],"wp:featuredmedia":[{"embeddable":true,"href":"https:\/\/migracao.redenoticia.com.br\/noticia\/wp-json\/wp\/v2\/media\/166032"}],"wp:attachment":[{"href":"https:\/\/migracao.redenoticia.com.br\/noticia\/wp-json\/wp\/v2\/media?parent=189115"}],"wp:term":[{"taxonomy":"category","embeddable":true,"href":"https:\/\/migracao.redenoticia.com.br\/noticia\/wp-json\/wp\/v2\/categories?post=189115"},{"taxonomy":"post_tag","embeddable":true,"href":"https:\/\/migracao.redenoticia.com.br\/noticia\/wp-json\/wp\/v2\/tags?post=189115"}],"curies":[{"name":"wp","href":"https:\/\/api.w.org\/{rel}","templated":true}]}}