{"id":189175,"date":"2020-02-22T17:35:55","date_gmt":"2020-02-22T20:35:55","guid":{"rendered":"https:\/\/www.redenoticia.com.br\/noticia\/?p=189175"},"modified":"2020-02-22T17:35:55","modified_gmt":"2020-02-22T20:35:55","slug":"resumo-novela-meu-coracao-e-teu-24-02-ana-enfrenta-isabela-por-alicia","status":"publish","type":"post","link":"https:\/\/migracao.redenoticia.com.br\/noticia\/2020\/resumo-novela-meu-coracao-e-teu-24-02-ana-enfrenta-isabela-por-alicia\/189175","title":{"rendered":"Resumo novela \u201cMeu Cora\u00e7\u00e3o \u00e9 Teu\u201d 24\/02: Ana enfrenta Isabela por Alicia"},"content":{"rendered":"<p> <img loading=\"lazy\" decoding=\"async\" class=\"aligncenter size-large wp-image-183929\" src=\"https:\/\/migracao.redenoticia.com.br\/noticia\/imagens\/meu-coracao-e-teu-300x300.jpg\" alt=\"\" width=\"300\" height=\"300\" srcset=\"https:\/\/migracao.redenoticia.com.br\/noticia\/imagens\/meu-coracao-e-teu-300x300.jpg 300w, https:\/\/migracao.redenoticia.com.br\/noticia\/imagens\/meu-coracao-e-teu-187x187.jpg 187w, https:\/\/migracao.redenoticia.com.br\/noticia\/imagens\/meu-coracao-e-teu-150x150.jpg 150w, https:\/\/migracao.redenoticia.com.br\/noticia\/imagens\/meu-coracao-e-teu-140x140.jpg 140w, https:\/\/migracao.redenoticia.com.br\/noticia\/imagens\/meu-coracao-e-teu-85x85.jpg 85w, https:\/\/migracao.redenoticia.com.br\/noticia\/imagens\/meu-coracao-e-teu.jpg 500w\" sizes=\"auto, (max-width: 300px) 100vw, 300px\" \/><\/p>\n<p><strong><em>Resumo da novela \u201cMeu Cora\u00e7\u00e3o \u00e9 Teu\u201d<\/em><\/strong> em 24\/02: no cap\u00edtulo 081(*) da novela, segunda-feira, 24 de fevereiro, Ana acredita que Alicia foi a casa de Isabela para se encontrar com Pablo e pede a Diana o endere\u00e7o. Yolanda chega ao \u201cChicago\u201d e diz a Dorival que deseja aprender a dan\u00e7ar com a melhor bailarina que ele tenha na casa, isto preocupa Diana, e ele comenta sobre Ana.Fernando diz a Diego que ir\u00e1 a sua casa para que ele mesmo o ajude. Diego aceita. Fanny conta a Ana sobre o ataque de ci\u00fames de Leon, quando a viu com L\u00eanin. Ana chega na casa de Isabela e a enfrenta por Alicia, ela tamb\u00e9m se zanga com a garota por ter desobedecido seu pai. Ana leva Alicia e diz que ir\u00e1 contar tudo a Fernando. Laura n\u00e3o perde a oportunidade de se insinuar para Leon, fazendo- se de v\u00edtima.<\/p>\n<p>Isabela compra veneno de ratos para matar Sete. Alicia conta a Sebasti\u00e3o que Pablo a beijou, Nando escuta a conversa e fica muito zangado com ela. Ana conta a Fernando e sugere que ele permita que Alicia e Pablo se vejam, pois, do contr\u00e1rio eles dar\u00e3o um jeito de continuar se encontrando \u00e0s escondidas. Isabela comenta com Beatriz que Henrique est\u00e1 muito estranho e que n\u00e3o sabe do que ele seria capaz. Ana e Fernando dizem a Alicia que ela tem permiss\u00e3o de ver Pablo, mas sempre ali mesmo na mans\u00e3o. Alicia os agradece muito. Johnny e Edna decidem dedetizar a mans\u00e3o, mas acabam se excedendo e avisam Fernando que ele e as crian\u00e7as n\u00e3o poder\u00e3o entrar na mans\u00e3o at\u00e9 o dia seguinte. Ao ver que n\u00e3o h\u00e1 maneira de entrar na mans\u00e3o, Ana prop\u00f5e a todos que fa\u00e7am um acampamento no jardim.<\/p>\n<p>Margarida se zanga com Leon por ter feito uma cena rid\u00edcula de ci\u00fames por Fanny. Fanny reclama com Edith por ela haver dado seu n\u00famero de telefone a L\u00eanin. Johnny vai se desculpar com Fernando pelo ocorrido na mans\u00e3o e Fernando diz que isso possibilitou uma grande aventura com sua fam\u00edlia, o acampamento. Fernando aproveita uma oportunidade de abra\u00e7ar Ana quando Johnny conta uma hist\u00f3ria de terror. Edith conta a Fanny que abusaram dela mais de uma vez quando era menina. Nando ensina Ana a mexer na p\u00e1gina da Internet que criou para ajud\u00e1-la a encontrar sua m\u00e3e. Ana se comove ao saber que a ideia da p\u00e1gina na Internet foi de Fernando. Isabela diz a Yolanda que deseja ser a nova presidente corporativa da empresa e que pretende matar Sete. As crian\u00e7as dizem a Ana que ela pode dormir na barraca de Fernando. Edith beija Nando. Fernando diz a Fanny que a ajudar\u00e1 a procurar Claudia, a melhor amiga de Maria Estela.<\/p>\n<p>(*) edi\u00e7\u00e3o do SBT, Novela \u201cMeu Cora\u00e7\u00e3o \u00e9 Teu\u201d, sujeito a altera\u00e7\u00e3o de data e conte\u00fado.<\/p>\n<p>Novela \u201cMeu Cora\u00e7\u00e3o \u00e9 Teu\u201d: Ana Leal \u00e9 uma mulher alegre e otimista. Um desastre destr\u00f3i sua casa e Ana perde tudo o que tem. Fernando Lascur\u00e1in, um prestigiado empres\u00e1rio que se lembra com tristeza que h\u00e1 um ano morreu sua esposa. Fernando \u00e9 o pai de sete filhos: Fanny de 19 anos, Nando de 17 anos, Alicia de 14 anos, Sebasti\u00e3o de 11 anos, os g\u00eameos Alex e Guille de 8 anos e a pequena Luz de 4 anos. Estes sete \u201cpequenos\u201d se encarregaram de fazer a vida de dezenas de bab\u00e1s imposs\u00edvel, mas Fernando precisa urgentemente de uma bab\u00e1 que cuide de seus filhos.<\/p>\n<p>As necessidades e a vontade de se superar, levam Ana a buscar outro trabalho. Sua falta de experi\u00eancia, e sua educa\u00e7\u00e3o prec\u00e1ria complicam o processo de ela encontrar um trabalho est\u00e1vel. Mas o destino tem algo preparado a ela: por uma confus\u00e3o, Ana termina chegando \u00e0 mans\u00e3o Lascur\u00e1in sem saber que l\u00e1 encontrar\u00e1 tudo o que sempre sonhou.<\/p>\n","protected":false},"excerpt":{"rendered":"<p>Resumo da novela \u201cMeu Cora\u00e7\u00e3o \u00e9 Teu\u201d em 24\/02: no cap\u00edtulo 081(*) da novela, segunda-feira, 24 de fevereiro, Ana acredita que Alicia foi a casa de Isabela para se encontrar com Pablo e pede a Diana o endere\u00e7o. Yolanda chega ao \u201cChicago\u201d e diz a Dorival que deseja aprender a dan\u00e7ar com a melhor bailarina [&hellip;]<\/p>\n","protected":false},"author":5,"featured_media":183928,"comment_status":"open","ping_status":"closed","sticky":false,"template":"","format":"standard","meta":{"tdm_status":"","tdm_grid_status":"","footnotes":""},"categories":[379,372,343],"tags":[441],"class_list":{"0":"post-189175","1":"post","2":"type-post","3":"status-publish","4":"format-standard","5":"has-post-thumbnail","7":"category-novelas","8":"category-sbt","9":"category-televisao","10":"tag-resumo-do-dia"},"_links":{"self":[{"href":"https:\/\/migracao.redenoticia.com.br\/noticia\/wp-json\/wp\/v2\/posts\/189175","targetHints":{"allow":["GET"]}}],"collection":[{"href":"https:\/\/migracao.redenoticia.com.br\/noticia\/wp-json\/wp\/v2\/posts"}],"about":[{"href":"https:\/\/migracao.redenoticia.com.br\/noticia\/wp-json\/wp\/v2\/types\/post"}],"author":[{"embeddable":true,"href":"https:\/\/migracao.redenoticia.com.br\/noticia\/wp-json\/wp\/v2\/users\/5"}],"replies":[{"embeddable":true,"href":"https:\/\/migracao.redenoticia.com.br\/noticia\/wp-json\/wp\/v2\/comments?post=189175"}],"version-history":[{"count":0,"href":"https:\/\/migracao.redenoticia.com.br\/noticia\/wp-json\/wp\/v2\/posts\/189175\/revisions"}],"wp:featuredmedia":[{"embeddable":true,"href":"https:\/\/migracao.redenoticia.com.br\/noticia\/wp-json\/wp\/v2\/media\/183928"}],"wp:attachment":[{"href":"https:\/\/migracao.redenoticia.com.br\/noticia\/wp-json\/wp\/v2\/media?parent=189175"}],"wp:term":[{"taxonomy":"category","embeddable":true,"href":"https:\/\/migracao.redenoticia.com.br\/noticia\/wp-json\/wp\/v2\/categories?post=189175"},{"taxonomy":"post_tag","embeddable":true,"href":"https:\/\/migracao.redenoticia.com.br\/noticia\/wp-json\/wp\/v2\/tags?post=189175"}],"curies":[{"name":"wp","href":"https:\/\/api.w.org\/{rel}","templated":true}]}}