{"id":189214,"date":"2020-02-25T23:21:48","date_gmt":"2020-02-26T02:21:48","guid":{"rendered":"https:\/\/www.redenoticia.com.br\/noticia\/?p=189214"},"modified":"2020-03-17T22:57:52","modified_gmt":"2020-03-18T01:57:52","slug":"bbb-20-resultado-enquete-votacao-em-bianca-felipe-e-flayslane-movimenta-o-paredao","status":"publish","type":"post","link":"https:\/\/migracao.redenoticia.com.br\/noticia\/2020\/bbb-20-resultado-enquete-votacao-em-bianca-felipe-e-flayslane-movimenta-o-paredao\/189214","title":{"rendered":"\u201cBBB\u201d 20 resultado enquete: vota\u00e7\u00e3o em Bianca, Felipe e Flayslane movimentou o pared\u00e3o"},"content":{"rendered":"<p><img loading=\"lazy\" decoding=\"async\" class=\"aligncenter size-large wp-image-166033\" src=\"https:\/\/migracao.redenoticia.com.br\/noticia\/imagens\/BBB-enquete-votacao-400x205.jpg\" alt=\"\" width=\"400\" height=\"205\" srcset=\"https:\/\/migracao.redenoticia.com.br\/noticia\/imagens\/BBB-enquete-votacao-400x205.jpg 400w, https:\/\/migracao.redenoticia.com.br\/noticia\/imagens\/BBB-enquete-votacao-250x128.jpg 250w, https:\/\/migracao.redenoticia.com.br\/noticia\/imagens\/BBB-enquete-votacao-768x393.jpg 768w, https:\/\/migracao.redenoticia.com.br\/noticia\/imagens\/BBB-enquete-votacao-696x356.jpg 696w, https:\/\/migracao.redenoticia.com.br\/noticia\/imagens\/BBB-enquete-votacao-150x77.jpg 150w, https:\/\/migracao.redenoticia.com.br\/noticia\/imagens\/BBB-enquete-votacao-560x287.jpg 560w, https:\/\/migracao.redenoticia.com.br\/noticia\/imagens\/BBB-enquete-votacao.jpg 885w\" sizes=\"auto, (max-width: 400px) 100vw, 400px\" \/><\/p>\n<p><em><strong>\u201cBBB&#8221; 20 vota\u00e7\u00e3o e resultado da enquete Bianca, Felipe e Flayslane:<\/strong><\/em> em 25\/02, o apresentador Tiago anunciou o resultado do pared\u00e3o votado pelo p\u00fablico. Bianca recebeu 53,09% dos votos v\u00e1lidos e deixou o programa. Felipe e Flayslane permanecem na disputa. Tudo come\u00e7ou em 23\/02, quando o apresentador Tiago confirmou que Flayslane foi para o Pared\u00e3o por ter escolhido a mensagem correspondente, durante a prova do L\u00edder. O Anjo Pyong imunizou Daniel. A L\u00edder Rafa indicou Bianca para o pared\u00e3o. Na vota\u00e7\u00e3o aberta da casa, Felipe recebeu a maioria das indica\u00e7\u00f5es. Esta semana n\u00e3o teve a prova de resgate. Bianca, Felipe e Flayslane disputaram a perman\u00eancia na casa.<\/p>\n<p><a href=\"https:\/\/migracao.redenoticia.com.br\/noticia\/2020\/bbb-20-resultado-enquete-votacao-em-babu-pyong-e-rafa-movimenta-o-paredao\/190188\">\u201cBBB\u201d 20 resultado enquete: vota\u00e7\u00e3o em Babu, Pyong e Rafa movimentou o pared\u00e3o<\/a><\/p>\n<p>A vota\u00e7\u00e3o do p\u00fablico aconteceu at\u00e9 o programa ao vivo \u201cBBB&#8221; 20 desta ter\u00e7a-feira de carnaval, 25\/02. Resultado parcial em 24\/02, 21h43: Bianca 59,3%, Flayslane 22,23%, Felipe 18,47%. Resultado parcial em 25\/02, 17h55: Bianca 58,58%, Flayslane 22,27%, Felipe 19,15%. Veja o resultado da vota\u00e7\u00e3o na enquete.<\/p>\n<p><script type=\"text\/javascript\" charset=\"utf-8\" data-cfasync=\"false\" src=\"https:\/\/secure.polldaddy.com\/p\/10510052.js\"><\/script><br \/>\n<noscript><a href=\"https:\/\/poll.fm\/10510052\">Quem deve sair no Pared\u00e3o \u201cBBB\u201d 20? Bianca, Felipe ou Flayslane<\/a><\/noscript> <\/p>\n<p>Vota\u00e7\u00e3o da casa: Bianca, Flayslane, Guilherme, Felipe e Babu votaram no Pyong. Mari e Ivy votaram no Babu. Gabi, Victor, Manu, Marcela, Gizelly, Daniel e Pyong votaram no Felipe. Thelma votou no Guilherme.<\/p>\n<div class=\"destaques\">\n<h5>Destaques:<\/h5>\n<p><a href=\"https:\/\/migracao.redenoticia.com.br\/noticia\/2020\/bbb-20-resultado-da-enquete-quem-merece-vencer-o-programa\/187630\">\u201cBBB\u201d 20 resultado da enquete: quem merece vencer o programa<\/a><br \/>\n<a href=\"https:\/\/migracao.redenoticia.com.br\/noticia\/2020\/bbb-20-prova-do-anjo-e-castigo-do-monstro\/187601\">&#8220;BBB&#8221; 20: prova do Anjo e Castigo do Monstro<\/a><br \/>\n<a href=\"https:\/\/migracao.redenoticia.com.br\/noticia\/2020\/bbb-20-ultimas-noticias\/186971\">&#8220;BBB&#8221; 20 \u00faltimas not\u00edcias<\/a><\/p>\n<\/div>\n<p>A vota\u00e7\u00e3o oficial aconteceu no site do programa.<\/p>\n<p>&#8212;<br \/>\nOs inscritos selecionados para o grupo Pipoca: o arquiteto Felipe Prior, a cantora Flayslane Lane, advogada Gizelly Bicalho, o modelo Guilherme Napolitano, o ex-jogador Hadson Nery, o fisioterapeuta Lucas Gallina, as m\u00e9dicas Marcela Mc Gowan e Thelma Assis e o psic\u00f3logo Victor Hugo. O ator Babu Santana, as influenciadoras Bianca Andrade, Mari Gonzalez e Rafa Kalimann, as cantoras Gabi Martins e Manu Gavassi, o youtuber hipn\u00f3logo Pyong Lee, o surfista Lucas Chumbo e o ginasta Petrix Barbosa foram convidados e formaram grupo Camarote. Daniel e Ivy venceram a disputa da Casa de Vidro e entraram na casa em 04\/02.<\/p>\n<p>Fonte e imagem &#8220;BBB&#8221; 20 Rede Globo &#8211; vota\u00e7\u00e3o enquete<\/p>\n","protected":false},"excerpt":{"rendered":"<p>\u201cBBB&#8221; 20 vota\u00e7\u00e3o e resultado da enquete Bianca, Felipe e Flayslane: em 25\/02, o apresentador Tiago anunciou o resultado do pared\u00e3o votado pelo p\u00fablico. Bianca recebeu 53,09% dos votos v\u00e1lidos e deixou o programa. Felipe e Flayslane permanecem na disputa. Tudo come\u00e7ou em 23\/02, quando o apresentador Tiago confirmou que Flayslane foi para o Pared\u00e3o [&hellip;]<\/p>\n","protected":false},"author":5,"featured_media":166031,"comment_status":"open","ping_status":"closed","sticky":false,"template":"","format":"standard","meta":{"tdm_status":"","tdm_grid_status":"","footnotes":""},"categories":[554,520,388,375,343],"tags":[466,521],"class_list":{"0":"post-189214","1":"post","2":"type-post","3":"status-publish","4":"format-standard","5":"has-post-thumbnail","7":"category-bbb-20","8":"category-big-brother-brasil","9":"category-destaques","10":"category-rede-globo","11":"category-televisao","12":"tag-bbb","13":"tag-enquete"},"_links":{"self":[{"href":"https:\/\/migracao.redenoticia.com.br\/noticia\/wp-json\/wp\/v2\/posts\/189214","targetHints":{"allow":["GET"]}}],"collection":[{"href":"https:\/\/migracao.redenoticia.com.br\/noticia\/wp-json\/wp\/v2\/posts"}],"about":[{"href":"https:\/\/migracao.redenoticia.com.br\/noticia\/wp-json\/wp\/v2\/types\/post"}],"author":[{"embeddable":true,"href":"https:\/\/migracao.redenoticia.com.br\/noticia\/wp-json\/wp\/v2\/users\/5"}],"replies":[{"embeddable":true,"href":"https:\/\/migracao.redenoticia.com.br\/noticia\/wp-json\/wp\/v2\/comments?post=189214"}],"version-history":[{"count":0,"href":"https:\/\/migracao.redenoticia.com.br\/noticia\/wp-json\/wp\/v2\/posts\/189214\/revisions"}],"wp:featuredmedia":[{"embeddable":true,"href":"https:\/\/migracao.redenoticia.com.br\/noticia\/wp-json\/wp\/v2\/media\/166031"}],"wp:attachment":[{"href":"https:\/\/migracao.redenoticia.com.br\/noticia\/wp-json\/wp\/v2\/media?parent=189214"}],"wp:term":[{"taxonomy":"category","embeddable":true,"href":"https:\/\/migracao.redenoticia.com.br\/noticia\/wp-json\/wp\/v2\/categories?post=189214"},{"taxonomy":"post_tag","embeddable":true,"href":"https:\/\/migracao.redenoticia.com.br\/noticia\/wp-json\/wp\/v2\/tags?post=189214"}],"curies":[{"name":"wp","href":"https:\/\/api.w.org\/{rel}","templated":true}]}}