{"id":189234,"date":"2020-02-25T13:16:55","date_gmt":"2020-02-25T16:16:55","guid":{"rendered":"https:\/\/www.redenoticia.com.br\/noticia\/?p=189234"},"modified":"2020-02-25T13:16:55","modified_gmt":"2020-02-25T16:16:55","slug":"resumo-novela-as-aventuras-de-poliana-26-02-mirela-encontra-capa-preta-no-quarto-de-luca","status":"publish","type":"post","link":"https:\/\/migracao.redenoticia.com.br\/noticia\/2020\/resumo-novela-as-aventuras-de-poliana-26-02-mirela-encontra-capa-preta-no-quarto-de-luca\/189234","title":{"rendered":"Resumo novela \u201cAs Aventuras de Poliana\u201d 26\/02: Mirela encontra capa preta no quarto de Luca"},"content":{"rendered":"<p><img loading=\"lazy\" decoding=\"async\" class=\"aligncenter size-large wp-image-148662\" src=\"https:\/\/migracao.redenoticia.com.br\/noticia\/imagens\/as-aventuras-de-poliana-novela-400x267.jpg\" alt=\"\" width=\"400\" height=\"267\" srcset=\"https:\/\/migracao.redenoticia.com.br\/noticia\/imagens\/as-aventuras-de-poliana-novela-400x267.jpg 400w, https:\/\/migracao.redenoticia.com.br\/noticia\/imagens\/as-aventuras-de-poliana-novela-250x167.jpg 250w, https:\/\/migracao.redenoticia.com.br\/noticia\/imagens\/as-aventuras-de-poliana-novela-150x100.jpg 150w, https:\/\/migracao.redenoticia.com.br\/noticia\/imagens\/as-aventuras-de-poliana-novela.jpg 600w\" sizes=\"auto, (max-width: 400px) 100vw, 400px\" \/><\/p>\n<p><strong><em>Resumo novela \u201cAs Aventuras de Poliana\u201d 26\/02<\/em><\/strong>: no cap\u00edtulo 466(*) da novela, quarta-feira, 26 de fevereiro, Afonso tenta impressionar Fernanda, mas seus planos n\u00e3o saem como esperado. Marcelo vai at\u00e9 a casa de Pendleton e questiona Lu\u00edsa sobre o beijo. Bento diz a Ruth que eles estavam melhor antes da chegada de Jo\u00e3o na casa. D\u00e9bora n\u00e3o cumpre o combinado com Filipa. Gleyce vai at\u00e9 a O11O e tem uma s\u00e9ria conversa com Roger sobre o andamento das obras do CLP. Eric e Poliana come\u00e7am a se aproximar. Mirela v\u00ea Carla saindo do pr\u00e9dio do Luca e fica desconfiada. Ruth diz para Jo\u00e3o ter paci\u00eancia com Bento.<\/p>\n<p>Marcelo desabafa com sua m\u00e3e sobre a conversa com Lu\u00edsa, e Violeta escuta tudo. Lindomar teme n\u00e3o conseguir pagar as contas de casa. Vini informa Durval sobre uma diferen\u00e7a no caixa da padaria, e eles suspeitam de Mosquito. Mirela encontra uma capa preta no quarto de Luca.<\/p>\n<p>(*) edi\u00e7\u00e3o do SBT, Novela \u201cAs Aventuras de Poliana\u201d, sujeito a altera\u00e7\u00e3o de data e conte\u00fado.<\/p>\n<p>\u201cAs Aventuras de Poliana\u201d &#8211; Poliana \u00e9 uma menina extrovertida e de bom cora\u00e7\u00e3o que viajava o Brasil com seus pais, Lorenzo e Alice, no grupo circense Trupe Vagalume. Aos onze anos a garota v\u00ea seu mundo desabar quando seus pais falecem e ela tem que ir morar em S\u00e3o Paulo com sua tia Lu\u00edsa, uma mulher rica e severa, a qual ela n\u00e3o conhecia e que n\u00e3o queria cuidar dela, embora sinta que \u00e9 sua obriga\u00e7\u00e3o pela alma de sua irm\u00e3.<\/p>\n<p>Apesar do jeito da rigidez da tia, Poliana decide ter uma vis\u00e3o positiva e inabal\u00e1vel da vida, mesmo nos momentos de dificuldade, tentando levar um pouco de felicidade para a vida de cada um dos seus novos amigos e vizinhos, como o Sr. Pendleton, um homem rico e infeliz por nunca ter tido filhos. Ela vai estudar no col\u00e9gio de Ruth, uma diretora de bom cora\u00e7\u00e3o que a ajuda a se adaptar, mas tem que lidar com as vilanias de Mirela, garota mais velha que n\u00e3o aceita perder a popularidade para uma novata.<\/p>\n","protected":false},"excerpt":{"rendered":"<p>Resumo novela \u201cAs Aventuras de Poliana\u201d 26\/02: no cap\u00edtulo 466(*) da novela, quarta-feira, 26 de fevereiro, Afonso tenta impressionar Fernanda, mas seus planos n\u00e3o saem como esperado. Marcelo vai at\u00e9 a casa de Pendleton e questiona Lu\u00edsa sobre o beijo. Bento diz a Ruth que eles estavam melhor antes da chegada de Jo\u00e3o na casa. [&hellip;]<\/p>\n","protected":false},"author":4,"featured_media":148663,"comment_status":"open","ping_status":"closed","sticky":false,"template":"","format":"standard","meta":{"tdm_status":"","tdm_grid_status":"","footnotes":""},"categories":[477,379,372,343],"tags":[441],"class_list":{"0":"post-189234","1":"post","2":"type-post","3":"status-publish","4":"format-standard","5":"has-post-thumbnail","7":"category-as-aventuras-de-poliana","8":"category-novelas","9":"category-sbt","10":"category-televisao","11":"tag-resumo-do-dia"},"_links":{"self":[{"href":"https:\/\/migracao.redenoticia.com.br\/noticia\/wp-json\/wp\/v2\/posts\/189234","targetHints":{"allow":["GET"]}}],"collection":[{"href":"https:\/\/migracao.redenoticia.com.br\/noticia\/wp-json\/wp\/v2\/posts"}],"about":[{"href":"https:\/\/migracao.redenoticia.com.br\/noticia\/wp-json\/wp\/v2\/types\/post"}],"author":[{"embeddable":true,"href":"https:\/\/migracao.redenoticia.com.br\/noticia\/wp-json\/wp\/v2\/users\/4"}],"replies":[{"embeddable":true,"href":"https:\/\/migracao.redenoticia.com.br\/noticia\/wp-json\/wp\/v2\/comments?post=189234"}],"version-history":[{"count":0,"href":"https:\/\/migracao.redenoticia.com.br\/noticia\/wp-json\/wp\/v2\/posts\/189234\/revisions"}],"wp:featuredmedia":[{"embeddable":true,"href":"https:\/\/migracao.redenoticia.com.br\/noticia\/wp-json\/wp\/v2\/media\/148663"}],"wp:attachment":[{"href":"https:\/\/migracao.redenoticia.com.br\/noticia\/wp-json\/wp\/v2\/media?parent=189234"}],"wp:term":[{"taxonomy":"category","embeddable":true,"href":"https:\/\/migracao.redenoticia.com.br\/noticia\/wp-json\/wp\/v2\/categories?post=189234"},{"taxonomy":"post_tag","embeddable":true,"href":"https:\/\/migracao.redenoticia.com.br\/noticia\/wp-json\/wp\/v2\/tags?post=189234"}],"curies":[{"name":"wp","href":"https:\/\/api.w.org\/{rel}","templated":true}]}}