{"id":189236,"date":"2020-02-25T13:58:30","date_gmt":"2020-02-25T16:58:30","guid":{"rendered":"https:\/\/www.redenoticia.com.br\/noticia\/?p=189236"},"modified":"2020-02-25T13:58:30","modified_gmt":"2020-02-25T16:58:30","slug":"resumo-novela-cumplices-de-um-resgate-26-02-nina-e-fiorina-discutem-por-causa-de-teo-e-manu","status":"publish","type":"post","link":"https:\/\/migracao.redenoticia.com.br\/noticia\/2020\/resumo-novela-cumplices-de-um-resgate-26-02-nina-e-fiorina-discutem-por-causa-de-teo-e-manu\/189236","title":{"rendered":"Resumo novela \u201cC\u00famplices de um Resgate\u201d 26\/02: Nina e Fiorina discutem por causa de T\u00e9o e Manu"},"content":{"rendered":"<p><img loading=\"lazy\" decoding=\"async\" class=\"aligncenter size-large wp-image-164526\" src=\"https:\/\/migracao.redenoticia.com.br\/noticia\/imagens\/cumplices-de-um-resgate-001-316x300.jpg\" alt=\"\" width=\"316\" height=\"300\" srcset=\"https:\/\/migracao.redenoticia.com.br\/noticia\/imagens\/cumplices-de-um-resgate-001-316x300.jpg 316w, https:\/\/migracao.redenoticia.com.br\/noticia\/imagens\/cumplices-de-um-resgate-001-197x187.jpg 197w, https:\/\/migracao.redenoticia.com.br\/noticia\/imagens\/cumplices-de-um-resgate-001-150x143.jpg 150w, https:\/\/migracao.redenoticia.com.br\/noticia\/imagens\/cumplices-de-um-resgate-001.jpg 526w\" sizes=\"auto, (max-width: 316px) 100vw, 316px\" \/><\/p>\n<p><strong><em>Resumo novela \u201cC\u00famplices de um Resgate\u201d 26\/02<\/em><\/strong>: no cap\u00edtulo 299(*) da novela, quarta-feira, 26 de fevereiro, Sandro prepara um jantar para Laura na mans\u00e3o de Regina. A dom\u00e9stica fica preocupada que Regina apare\u00e7a, mas ele diz que ela n\u00e3o acorda devido aos rem\u00e9dios que Regina toma. Laura se irrita ao perceber que h\u00e1 mais pessoas na sala e joga a jarra de suco de laranja nele. No dia seguinte, Manuela, que finge ser Isabela, aconselha Laura dar uma chance para Sandro. Fausto segue perseguindo Helena. Dessa vez ele a segue e faz registros fotogr\u00e1ficos.<\/p>\n<p>Clara conversa com o pastor sobre achar que Luiz est\u00e1 lhe traindo. Gemima (Gabriella Di Grecco) escuta a conversa dos dois. O pastor diz que ela n\u00e3o pode fazer uma s\u00e9ria acusa\u00e7\u00e3o sem ter fatos concretos. Uma confus\u00e3o generalizada acontece no vilarejo. Nina e Fiorina discutem acusando uma a outra de ser uma p\u00e9ssima influ\u00eancia para T\u00e9o e Manu. Lurdinha escuta Frederico dizer para Tomas que n\u00e3o possui interesse em Ta\u00edsa, pois a trata bem apenas para fazer ci\u00fame em Lurdinha. Sandro conversa com Laura e diz que n\u00e3o ir\u00e1 mais perturbar a amada com tentativas em v\u00e3o de conquist\u00e1-la. Laura decide dar uma oportunidade ao capanga e diz que eles podem tentar terminar o jantar. Gemima espalha para as irm\u00e3s da igreja o que escutou da conversa entre o pastor e Clara.<\/p>\n<p>(*) edi\u00e7\u00e3o do SBT, Novela \u201cC\u00famplices de um Resgate\u201d, sujeito a altera\u00e7\u00e3o de data e conte\u00fado.<\/p>\n<p>\u201cC\u00famplices de um Resgate\u201d &#8211; Duas irm\u00e3s g\u00eameas univitelinas que foram separadas ap\u00f3s nascimento, se reencontram somente ap\u00f3s doze anos. Manuela, uma das g\u00eameas, \u00e9 doce, meiga, gentil, e muito talentosa para a m\u00fasica e tem uma voz encantadora. Vive uma vida feliz no Vilarejo dos Sonhos, onde mora com sua av\u00f3 Nina, sua tia Helena e sua m\u00e3e Rebeca, que d\u00e1 muito amor e carinho a filha por ela nunca ter tido um pai, e ela \u00e9 a m\u00e3e biol\u00f3gica das duas garotas, mas nunca soube que teve g\u00eameas.<\/p>\n","protected":false},"excerpt":{"rendered":"<p>Resumo novela \u201cC\u00famplices de um Resgate\u201d 26\/02: no cap\u00edtulo 299(*) da novela, quarta-feira, 26 de fevereiro, Sandro prepara um jantar para Laura na mans\u00e3o de Regina. A dom\u00e9stica fica preocupada que Regina apare\u00e7a, mas ele diz que ela n\u00e3o acorda devido aos rem\u00e9dios que Regina toma. Laura se irrita ao perceber que h\u00e1 mais pessoas [&hellip;]<\/p>\n","protected":false},"author":4,"featured_media":164526,"comment_status":"open","ping_status":"closed","sticky":false,"template":"","format":"standard","meta":{"tdm_status":"","tdm_grid_status":"","footnotes":""},"categories":[379,372,343],"tags":[441],"class_list":{"0":"post-189236","1":"post","2":"type-post","3":"status-publish","4":"format-standard","5":"has-post-thumbnail","7":"category-novelas","8":"category-sbt","9":"category-televisao","10":"tag-resumo-do-dia"},"_links":{"self":[{"href":"https:\/\/migracao.redenoticia.com.br\/noticia\/wp-json\/wp\/v2\/posts\/189236","targetHints":{"allow":["GET"]}}],"collection":[{"href":"https:\/\/migracao.redenoticia.com.br\/noticia\/wp-json\/wp\/v2\/posts"}],"about":[{"href":"https:\/\/migracao.redenoticia.com.br\/noticia\/wp-json\/wp\/v2\/types\/post"}],"author":[{"embeddable":true,"href":"https:\/\/migracao.redenoticia.com.br\/noticia\/wp-json\/wp\/v2\/users\/4"}],"replies":[{"embeddable":true,"href":"https:\/\/migracao.redenoticia.com.br\/noticia\/wp-json\/wp\/v2\/comments?post=189236"}],"version-history":[{"count":0,"href":"https:\/\/migracao.redenoticia.com.br\/noticia\/wp-json\/wp\/v2\/posts\/189236\/revisions"}],"wp:featuredmedia":[{"embeddable":true,"href":"https:\/\/migracao.redenoticia.com.br\/noticia\/wp-json\/wp\/v2\/media\/164526"}],"wp:attachment":[{"href":"https:\/\/migracao.redenoticia.com.br\/noticia\/wp-json\/wp\/v2\/media?parent=189236"}],"wp:term":[{"taxonomy":"category","embeddable":true,"href":"https:\/\/migracao.redenoticia.com.br\/noticia\/wp-json\/wp\/v2\/categories?post=189236"},{"taxonomy":"post_tag","embeddable":true,"href":"https:\/\/migracao.redenoticia.com.br\/noticia\/wp-json\/wp\/v2\/tags?post=189236"}],"curies":[{"name":"wp","href":"https:\/\/api.w.org\/{rel}","templated":true}]}}