{"id":189286,"date":"2020-03-02T19:33:11","date_gmt":"2020-03-02T22:33:11","guid":{"rendered":"https:\/\/www.redenoticia.com.br\/noticia\/?p=189286"},"modified":"2020-03-02T19:33:16","modified_gmt":"2020-03-02T22:33:16","slug":"novela-eramos-seis-lola-obriga-julinho-a-pedir-perdao-para-lili","status":"publish","type":"post","link":"https:\/\/migracao.redenoticia.com.br\/noticia\/2020\/novela-eramos-seis-lola-obriga-julinho-a-pedir-perdao-para-lili\/189286","title":{"rendered":"Novela \u201c\u00c9ramos Seis\u201d: Genu expulsa Julinho de sua casa"},"content":{"rendered":"<p><img loading=\"lazy\" decoding=\"async\" src=\"https:\/\/migracao.redenoticia.com.br\/noticia\/imagens\/eramos-seis-resumo-noticia-novela-02-300x300.jpg\" alt=\"\" width=\"300\" height=\"300\" class=\"aligncenter size-large wp-image-182542\" srcset=\"https:\/\/migracao.redenoticia.com.br\/noticia\/imagens\/eramos-seis-resumo-noticia-novela-02-300x300.jpg 300w, https:\/\/migracao.redenoticia.com.br\/noticia\/imagens\/eramos-seis-resumo-noticia-novela-02-187x187.jpg 187w, https:\/\/migracao.redenoticia.com.br\/noticia\/imagens\/eramos-seis-resumo-noticia-novela-02.jpg 524w\" sizes=\"auto, (max-width: 300px) 100vw, 300px\" \/> <strong><em>Novela \u201c\u00c9ramos Seis\u201d:<\/em><\/strong> Lili (Triz Pariz) viaja at\u00e9 o Rio atr\u00e1s de Julinho (Andr\u00e9 Luiz Frambach) e o pega nos bra\u00e7os de Soraia (Rayssa Bratillieri). Assad (Werner Sch\u00fcnemann) descobre que o funcion\u00e1rio dormiu com a filha, decide demit\u00ed-lo, mas Julinho o ajuda a esconder o seu v\u00edcio em jogo e \u00e9 aceito pelo sogro. Assad aceita o casamento de Soraia, mas manda o casal falar com Lola (Gloria Pires), em S\u00e3o Paulo. Julinho chega em casa e v\u00ea Lili aos beijos com Marcelo (Guilherme Ferraz). Lola o repreende: &#8220;Como p\u00f4de fazer o que fez? Tapear e trair a Lili? Sua namorada h\u00e1 tanto anos, filha dos nossos melhores amigos?&#8221;. Julinho garante: &#8220;N\u00e3o sou um sem car\u00e1ter. Eu gosto da Soraia&#8221;.<\/p>\n<p>Lola obriga Julinho a pedir perd\u00e3o para Lili: &#8220;Dinheiro nenhum compra a nossa honradez. N\u00e3o fa\u00e7a apenas o que tem que fazer. Fa\u00e7a o certo. E o certo agora \u00e9 procurar a Lili. Pedir desculpas pela maneira baixa e leviana como agiu. Se espera meu aplauso por seus grandes feitos nos neg\u00f3cios, saiba que prefiro dec\u00eancia e gentileza&#8221;.<\/p>\n<p> Julinho \u00e9 recebido por Lili: &#8220;Voc\u00ea acha que alguma palavra pode consertar o que fez? Eu passei meses aqui te esperando, ansiosa por casa carta, sonhando com o nosso casamento. Enquanto isso, voc\u00ea estava com a Soraia&#8221;. O jovem pede perd\u00e3o: &#8220;Eu sei que \u00e9 dif\u00edcil para voc\u00ea me desculpar. Mesmo assim eu te pe\u00e7o. Que me perdoe&#8221;. Genu (Kelzy Ecard) reage: &#8220;Tem nada que perdoar coisa nenhuma. Fa\u00e7a-me o favor. Ainda tem a cara dura de bater na minha porta?&#8221;. Genu expulsa Julinho de sua casa. Cena prevista para dia 03 de mar\u00e7o na novela \u201c\u00c9ramos Seis\u201d.<\/p>\n<p>\u201c\u00c9ramos Seis\u201d: Casada com J\u00falio (Antonio Calloni), Lola (Gloria Pires) \u00e9 uma esposa devotada e m\u00e3e de quatro filhos: Carlos (Xande Valois\/ Danilo Mesquita), o mais velho e motivo de orgulho para os pais; Alfredo (Pedro Sol\/ Nicolas Prattes), rebelde que vive se metendo em confus\u00f5es e tem ci\u00fames do irm\u00e3o; Isabel (Maju Lima\/ Giullia Buscacio), determinada e independente, \u00e9 a favorita do pai &#8211; por ser a \u00fanica filha mulher; e Julinho (Davi de Oliveira\/ Andr\u00e9 Luiz Frambach), o ca\u00e7ula da fam\u00edlia &#8211; que desde crian\u00e7a demonstra habilidade para lidar com dinheiro.<\/p>\n<p>A hist\u00f3ria come\u00e7a com Lola e J\u00falio passando sufoco para poder pagar as parcelas do casar\u00e3o que compraram em S\u00e3o Paulo. O primeiro bem do casal sai mais caro do que eles previam por causa dos alt\u00edssimos juros do financiamento banc\u00e1rio. O im\u00f3vel acaba gerando um impasse entre eles: para ela, o local \u00e9 a alma da fam\u00edlia. Para ele, um empecilho para melhorar de vida.<\/p>\n","protected":false},"excerpt":{"rendered":"<p>Novela \u201c\u00c9ramos Seis\u201d: Lili (Triz Pariz) viaja at\u00e9 o Rio atr\u00e1s de Julinho (Andr\u00e9 Luiz Frambach) e o pega nos bra\u00e7os de Soraia (Rayssa Bratillieri). Assad (Werner Sch\u00fcnemann) descobre que o funcion\u00e1rio dormiu com a filha, decide demit\u00ed-lo, mas Julinho o ajuda a esconder o seu v\u00edcio em jogo e \u00e9 aceito pelo sogro. Assad [&hellip;]<\/p>\n","protected":false},"author":5,"featured_media":184321,"comment_status":"open","ping_status":"closed","sticky":false,"template":"","format":"standard","meta":{"tdm_status":"","tdm_grid_status":"","footnotes":""},"categories":[388,548,379,375,343],"tags":[440],"class_list":{"0":"post-189286","1":"post","2":"type-post","3":"status-publish","4":"format-standard","5":"has-post-thumbnail","7":"category-destaques","8":"category-eramos-seis","9":"category-novelas","10":"category-rede-globo","11":"category-televisao","12":"tag-noticia-novela"},"_links":{"self":[{"href":"https:\/\/migracao.redenoticia.com.br\/noticia\/wp-json\/wp\/v2\/posts\/189286","targetHints":{"allow":["GET"]}}],"collection":[{"href":"https:\/\/migracao.redenoticia.com.br\/noticia\/wp-json\/wp\/v2\/posts"}],"about":[{"href":"https:\/\/migracao.redenoticia.com.br\/noticia\/wp-json\/wp\/v2\/types\/post"}],"author":[{"embeddable":true,"href":"https:\/\/migracao.redenoticia.com.br\/noticia\/wp-json\/wp\/v2\/users\/5"}],"replies":[{"embeddable":true,"href":"https:\/\/migracao.redenoticia.com.br\/noticia\/wp-json\/wp\/v2\/comments?post=189286"}],"version-history":[{"count":0,"href":"https:\/\/migracao.redenoticia.com.br\/noticia\/wp-json\/wp\/v2\/posts\/189286\/revisions"}],"wp:featuredmedia":[{"embeddable":true,"href":"https:\/\/migracao.redenoticia.com.br\/noticia\/wp-json\/wp\/v2\/media\/184321"}],"wp:attachment":[{"href":"https:\/\/migracao.redenoticia.com.br\/noticia\/wp-json\/wp\/v2\/media?parent=189286"}],"wp:term":[{"taxonomy":"category","embeddable":true,"href":"https:\/\/migracao.redenoticia.com.br\/noticia\/wp-json\/wp\/v2\/categories?post=189286"},{"taxonomy":"post_tag","embeddable":true,"href":"https:\/\/migracao.redenoticia.com.br\/noticia\/wp-json\/wp\/v2\/tags?post=189286"}],"curies":[{"name":"wp","href":"https:\/\/api.w.org\/{rel}","templated":true}]}}