{"id":189326,"date":"2020-03-03T18:43:07","date_gmt":"2020-03-03T21:43:07","guid":{"rendered":"https:\/\/www.redenoticia.com.br\/noticia\/?p=189326"},"modified":"2020-03-04T16:40:48","modified_gmt":"2020-03-04T19:40:48","slug":"novela-eramos-seis-adelaide-suborna-gusmoes-para-libertar-alfredo","status":"publish","type":"post","link":"https:\/\/migracao.redenoticia.com.br\/noticia\/2020\/novela-eramos-seis-adelaide-suborna-gusmoes-para-libertar-alfredo\/189326","title":{"rendered":"Novela \u201c\u00c9ramos Seis\u201d: Adelaide suborna Gusm\u00f5es para libertar Alfredo"},"content":{"rendered":"<p><img loading=\"lazy\" decoding=\"async\" src=\"https:\/\/migracao.redenoticia.com.br\/noticia\/imagens\/eramos-seis-resumo-noticia-novela-02-300x300.jpg\" alt=\"\" width=\"300\" height=\"300\" class=\"aligncenter size-large wp-image-182542\" srcset=\"https:\/\/migracao.redenoticia.com.br\/noticia\/imagens\/eramos-seis-resumo-noticia-novela-02-300x300.jpg 300w, https:\/\/migracao.redenoticia.com.br\/noticia\/imagens\/eramos-seis-resumo-noticia-novela-02-187x187.jpg 187w, https:\/\/migracao.redenoticia.com.br\/noticia\/imagens\/eramos-seis-resumo-noticia-novela-02.jpg 524w\" sizes=\"auto, (max-width: 300px) 100vw, 300px\" \/> <strong><em>Novela \u201c\u00c9ramos Seis\u201d:<\/em><\/strong> Alfredo (Nicolas Prattes) volta da Revolu\u00e7\u00e3o, distribui panfletos comunistas e \u00e9 preso por Gusm\u00f5es (Stepan Nercessian). Adelaide (Joana de Verona) procura Gusm\u00f5es e ele informa: &#8220;Prendi Alfredo por perturba\u00e7\u00e3o da ordem, panfletando nas ruas, e desacato a mim. Meu interesse no momento \u00e9 servir ao meu pa\u00eds. E me livrar de gente como o seu primo pobre, petulante e irrespons\u00e1vel. A ordem de cima \u00e9 perseguir gente como ele, sem d\u00f3 nem piedade, pra que este movimento n\u00e3o cres\u00e7a, desapare\u00e7a&#8221;.<\/p>\n<p>Adelaide suborna o delegado: &#8220;E n\u00e3o me venha dizer que n\u00e3o aceita acordos&#8230; Porque conhecemos seus precedentes. Foi muito atencioso com minha m\u00e3e ajudando-a a acobertar a morte do meu pai&#8230; Estou disposta a resolver o problema atual da mesma forma&#8230; Tenho dinheiro, uma bela heran\u00e7a que me permite resolver as coisas da mesma maneira que a minha m\u00e3e resolve &#8230; N\u00e3o quero ofender, s\u00f3 contar com sua generosa ajuda. E afinal, foi s\u00f3 uma balb\u00fardia do Alfredo&#8221;.<\/p>\n<p>Gusm\u00f5es diz: &#8220;No passado, fiz um bem para sua fam\u00edlia&#8221;. Ela garante: &#8220;Pois ent\u00e3o fa\u00e7a outro bem. Eu sei ser bem generosa. Igualmente generosa, vai me negar?&#8221;. Alfredo \u00e9 liberado da cadeia. Cena prevista para dia 10 de mar\u00e7o na novela \u201c\u00c9ramos Seis\u201d.<\/p>\n<p>\u201c\u00c9ramos Seis\u201d: Casada com J\u00falio (Antonio Calloni), Lola (Gloria Pires) \u00e9 uma esposa devotada e m\u00e3e de quatro filhos: Carlos (Xande Valois\/ Danilo Mesquita), o mais velho e motivo de orgulho para os pais; Alfredo (Pedro Sol\/ Nicolas Prattes), rebelde que vive se metendo em confus\u00f5es e tem ci\u00fames do irm\u00e3o; Isabel (Maju Lima\/ Giullia Buscacio), determinada e independente, \u00e9 a favorita do pai &#8211; por ser a \u00fanica filha mulher; e Julinho (Davi de Oliveira\/ Andr\u00e9 Luiz Frambach), o ca\u00e7ula da fam\u00edlia &#8211; que desde crian\u00e7a demonstra habilidade para lidar com dinheiro.<\/p>\n<p>A hist\u00f3ria come\u00e7a com Lola e J\u00falio passando sufoco para poder pagar as parcelas do casar\u00e3o que compraram em S\u00e3o Paulo. O primeiro bem do casal sai mais caro do que eles previam por causa dos alt\u00edssimos juros do financiamento banc\u00e1rio. O im\u00f3vel acaba gerando um impasse entre eles: para ela, o local \u00e9 a alma da fam\u00edlia. Para ele, um empecilho para melhorar de vida. <\/p>\n","protected":false},"excerpt":{"rendered":"<p>Novela \u201c\u00c9ramos Seis\u201d: Alfredo (Nicolas Prattes) volta da Revolu\u00e7\u00e3o, distribui panfletos comunistas e \u00e9 preso por Gusm\u00f5es (Stepan Nercessian). Adelaide (Joana de Verona) procura Gusm\u00f5es e ele informa: &#8220;Prendi Alfredo por perturba\u00e7\u00e3o da ordem, panfletando nas ruas, e desacato a mim. Meu interesse no momento \u00e9 servir ao meu pa\u00eds. E me livrar de gente [&hellip;]<\/p>\n","protected":false},"author":5,"featured_media":184550,"comment_status":"open","ping_status":"closed","sticky":false,"template":"","format":"standard","meta":{"tdm_status":"","tdm_grid_status":"","footnotes":""},"categories":[388,548,379,375,343],"tags":[440],"class_list":{"0":"post-189326","1":"post","2":"type-post","3":"status-publish","4":"format-standard","5":"has-post-thumbnail","7":"category-destaques","8":"category-eramos-seis","9":"category-novelas","10":"category-rede-globo","11":"category-televisao","12":"tag-noticia-novela"},"_links":{"self":[{"href":"https:\/\/migracao.redenoticia.com.br\/noticia\/wp-json\/wp\/v2\/posts\/189326","targetHints":{"allow":["GET"]}}],"collection":[{"href":"https:\/\/migracao.redenoticia.com.br\/noticia\/wp-json\/wp\/v2\/posts"}],"about":[{"href":"https:\/\/migracao.redenoticia.com.br\/noticia\/wp-json\/wp\/v2\/types\/post"}],"author":[{"embeddable":true,"href":"https:\/\/migracao.redenoticia.com.br\/noticia\/wp-json\/wp\/v2\/users\/5"}],"replies":[{"embeddable":true,"href":"https:\/\/migracao.redenoticia.com.br\/noticia\/wp-json\/wp\/v2\/comments?post=189326"}],"version-history":[{"count":0,"href":"https:\/\/migracao.redenoticia.com.br\/noticia\/wp-json\/wp\/v2\/posts\/189326\/revisions"}],"wp:featuredmedia":[{"embeddable":true,"href":"https:\/\/migracao.redenoticia.com.br\/noticia\/wp-json\/wp\/v2\/media\/184550"}],"wp:attachment":[{"href":"https:\/\/migracao.redenoticia.com.br\/noticia\/wp-json\/wp\/v2\/media?parent=189326"}],"wp:term":[{"taxonomy":"category","embeddable":true,"href":"https:\/\/migracao.redenoticia.com.br\/noticia\/wp-json\/wp\/v2\/categories?post=189326"},{"taxonomy":"post_tag","embeddable":true,"href":"https:\/\/migracao.redenoticia.com.br\/noticia\/wp-json\/wp\/v2\/tags?post=189326"}],"curies":[{"name":"wp","href":"https:\/\/api.w.org\/{rel}","templated":true}]}}