{"id":189341,"date":"2020-03-02T19:31:18","date_gmt":"2020-03-02T22:31:18","guid":{"rendered":"https:\/\/www.redenoticia.com.br\/noticia\/?p=189341"},"modified":"2020-03-02T19:31:14","modified_gmt":"2020-03-02T22:31:14","slug":"novela-salve-se-quem-puder-luna-pede-para-teo-lancar-um-blog","status":"publish","type":"post","link":"https:\/\/migracao.redenoticia.com.br\/noticia\/2020\/novela-salve-se-quem-puder-luna-pede-para-teo-lancar-um-blog\/189341","title":{"rendered":"Novela \u201cSalve-se Quem Puder\u201d: Luna sugere novo trabalho para T\u00e9o"},"content":{"rendered":"<p><img loading=\"lazy\" decoding=\"async\" src=\"https:\/\/migracao.redenoticia.com.br\/noticia\/imagens\/salve-se-quem-puder-novela-resumo-313x300.jpg\" alt=\"\" width=\"313\" height=\"300\" class=\"aligncenter size-large wp-image-186173\" srcset=\"https:\/\/migracao.redenoticia.com.br\/noticia\/imagens\/salve-se-quem-puder-novela-resumo-313x300.jpg 313w, https:\/\/migracao.redenoticia.com.br\/noticia\/imagens\/salve-se-quem-puder-novela-resumo-195x187.jpg 195w, https:\/\/migracao.redenoticia.com.br\/noticia\/imagens\/salve-se-quem-puder-novela-resumo-146x140.jpg 146w, https:\/\/migracao.redenoticia.com.br\/noticia\/imagens\/salve-se-quem-puder-novela-resumo-89x85.jpg 89w, https:\/\/migracao.redenoticia.com.br\/noticia\/imagens\/salve-se-quem-puder-novela-resumo.jpg 640w\" sizes=\"auto, (max-width: 313px) 100vw, 313px\" \/> <strong><em>Novela \u201cSalve-se Quem Puder\u201d:<\/em><\/strong> Luna (Juliana Paiva) ajuda T\u00e9o (Felipe Simas) na fisioterapia e ele reclama: \u201cAlongar essa perna \u00e9 o m\u00e1ximo de movimento que tenho feito desde o acidente. Ficar tanto tempo parado t\u00e1 me enlouquecendo\u201d. Luna sugere: \u201cE por que voc\u00ea n\u00e3o faz alguma coisa diferente com esse tempo?&#8230; J\u00e1 sei! C\u00ea n\u00e3o adora aventuras radicais? Voc\u00ea n\u00e3o pode fazer nada agora, mas isso n\u00e3o te impede de falar sobre o que voc\u00ea gosta &#8230; Acho t\u00e3o lindo aqueles romances imposs\u00edveis, mas que no final conseguem vencer todos os obst\u00e1culos e&#8230; Desculpa&#8230; Pare\u00e7o uma boba, n\u00e9? &#8230; Por que voc\u00ea n\u00e3o cria um blog sobre as suas aventuras? Os trabalhos que c\u00ea fez na televis\u00e3o? E desse jeito c\u00ea pode falar do que mais ama sem ter que se arriscar\u201d. T\u00e9o sorri e mostra imagens documentadas por ele.<\/p>\n<p>Luna elogia o trabalho e d\u00e1 a ideia de ele escrever: \u201cSobre como voc\u00ea sobreviveu ao furac\u00e3o? C\u00ea salvou a vida de uma pessoa&#8230; Foi um her\u00f3i! &#8230; Foi um her\u00f3i sim, T\u00e9o! E quem sabe um dia&#8230; C\u00ea ainda descobre que ela t\u00e1 viva&#8230; E essa sortuda tem a chance de te agradecer pessoalmente?\u201d. Ele comenta: \u201cC\u00ea n\u00e3o imagina como eu j\u00e1 sonhei com esse momento. Pena que eu n\u00e3o sei nada sobre ela. N\u00e3o lembro nem o rosto&#8230;\u201d.<\/p>\n<p>T\u00e9o agradece: \u201cA ideia do blog era o que eu precisava pra n\u00e3o ficar entediado o dia todo em casa\u201d. Ela se despede: \u201cImagina&#8230; Tudo que eu puder fazer pra te ajudar, pra te animar&#8230; Vai ser uma alegria pra mim&#8230; At\u00e9 a pr\u00f3xima sess\u00e3o. Tchau\u201d. T\u00e9o fica pensativo. Cena prevista para dia 03 de mar\u00e7o na novela \u201cSalve-se Quem Puder\u201d.<\/p>\n<p>\u201cSalve-se Quem Puder\u201d: Tr\u00eas mulheres com novas identidades e uma \u00fanica certeza: suas vidas est\u00e3o entrela\u00e7adas para sempre. Salve-se Quem Puder conta a hist\u00f3ria de Alexia (Deborah Secco), Luna (Juliana Paiva) e Kyra (Vit\u00f3ria Strada), que ingressam no Programa de Prote\u00e7\u00e3o \u00e0 Testemunha e mudam de vida ap\u00f3s presenciarem um crime. Para sobreviver, elas mudam o nome, a apar\u00eancia, o estilo de vida e v\u00e3o morar na fict\u00edcia Judas do Norte, no interior de S\u00e3o Paulo, depois que s\u00e3o dadas como mortas.<\/p>\n<p>Alexia vira Josimara, Luna assume o nome de Fiona e Kyra \u00e9 Cleyde, novas pessoas com um padr\u00e3o de vida bem diferente. Elas ser\u00e3o acolhidas por uma fam\u00edlia protetora &#8211; que n\u00e3o sabe nada sobre o passado delas &#8211; e v\u00e3o precisar seguir regras r\u00edgidas para permanecerem no programa. A primeira delas \u00e9 a interrup\u00e7\u00e3o imediata de qualquer tipo de contato com conhecidos, por isso, celulares e rede sociais s\u00e3o proibidos, assim como frequentar os mesmos lugares e cultivar h\u00e1bitos do passado.<\/p>\n","protected":false},"excerpt":{"rendered":"<p>Novela \u201cSalve-se Quem Puder\u201d: Luna (Juliana Paiva) ajuda T\u00e9o (Felipe Simas) na fisioterapia e ele reclama: \u201cAlongar essa perna \u00e9 o m\u00e1ximo de movimento que tenho feito desde o acidente. Ficar tanto tempo parado t\u00e1 me enlouquecendo\u201d. Luna sugere: \u201cE por que voc\u00ea n\u00e3o faz alguma coisa diferente com esse tempo?&#8230; J\u00e1 sei! C\u00ea n\u00e3o [&hellip;]<\/p>\n","protected":false},"author":5,"featured_media":187396,"comment_status":"open","ping_status":"closed","sticky":false,"template":"","format":"standard","meta":{"tdm_status":"","tdm_grid_status":"","footnotes":""},"categories":[388,379,375,553,343],"tags":[440],"class_list":{"0":"post-189341","1":"post","2":"type-post","3":"status-publish","4":"format-standard","5":"has-post-thumbnail","7":"category-destaques","8":"category-novelas","9":"category-rede-globo","10":"category-salve-se-quem-puder","11":"category-televisao","12":"tag-noticia-novela"},"_links":{"self":[{"href":"https:\/\/migracao.redenoticia.com.br\/noticia\/wp-json\/wp\/v2\/posts\/189341","targetHints":{"allow":["GET"]}}],"collection":[{"href":"https:\/\/migracao.redenoticia.com.br\/noticia\/wp-json\/wp\/v2\/posts"}],"about":[{"href":"https:\/\/migracao.redenoticia.com.br\/noticia\/wp-json\/wp\/v2\/types\/post"}],"author":[{"embeddable":true,"href":"https:\/\/migracao.redenoticia.com.br\/noticia\/wp-json\/wp\/v2\/users\/5"}],"replies":[{"embeddable":true,"href":"https:\/\/migracao.redenoticia.com.br\/noticia\/wp-json\/wp\/v2\/comments?post=189341"}],"version-history":[{"count":0,"href":"https:\/\/migracao.redenoticia.com.br\/noticia\/wp-json\/wp\/v2\/posts\/189341\/revisions"}],"wp:featuredmedia":[{"embeddable":true,"href":"https:\/\/migracao.redenoticia.com.br\/noticia\/wp-json\/wp\/v2\/media\/187396"}],"wp:attachment":[{"href":"https:\/\/migracao.redenoticia.com.br\/noticia\/wp-json\/wp\/v2\/media?parent=189341"}],"wp:term":[{"taxonomy":"category","embeddable":true,"href":"https:\/\/migracao.redenoticia.com.br\/noticia\/wp-json\/wp\/v2\/categories?post=189341"},{"taxonomy":"post_tag","embeddable":true,"href":"https:\/\/migracao.redenoticia.com.br\/noticia\/wp-json\/wp\/v2\/tags?post=189341"}],"curies":[{"name":"wp","href":"https:\/\/api.w.org\/{rel}","templated":true}]}}