{"id":189349,"date":"2020-02-27T12:23:57","date_gmt":"2020-02-27T15:23:57","guid":{"rendered":"https:\/\/www.redenoticia.com.br\/noticia\/?p=189349"},"modified":"2020-02-27T12:23:57","modified_gmt":"2020-02-27T15:23:57","slug":"resumo-novela-meu-coracao-e-teu-28-02-isabela-se-encontra-com-soledade","status":"publish","type":"post","link":"https:\/\/migracao.redenoticia.com.br\/noticia\/2020\/resumo-novela-meu-coracao-e-teu-28-02-isabela-se-encontra-com-soledade\/189349","title":{"rendered":"Resumo novela \u201cMeu Cora\u00e7\u00e3o \u00e9 Teu\u201d 28\/02: Isabela se encontra com Soledade"},"content":{"rendered":"<p><img loading=\"lazy\" decoding=\"async\" src=\"https:\/\/migracao.redenoticia.com.br\/noticia\/imagens\/meu-coracao-e-teu-300x300.jpg\" alt=\"\" width=\"300\" height=\"300\" class=\"aligncenter size-large wp-image-183929\" srcset=\"https:\/\/migracao.redenoticia.com.br\/noticia\/imagens\/meu-coracao-e-teu-300x300.jpg 300w, https:\/\/migracao.redenoticia.com.br\/noticia\/imagens\/meu-coracao-e-teu-187x187.jpg 187w, https:\/\/migracao.redenoticia.com.br\/noticia\/imagens\/meu-coracao-e-teu-150x150.jpg 150w, https:\/\/migracao.redenoticia.com.br\/noticia\/imagens\/meu-coracao-e-teu-140x140.jpg 140w, https:\/\/migracao.redenoticia.com.br\/noticia\/imagens\/meu-coracao-e-teu-85x85.jpg 85w, https:\/\/migracao.redenoticia.com.br\/noticia\/imagens\/meu-coracao-e-teu.jpg 500w\" sizes=\"auto, (max-width: 300px) 100vw, 300px\" \/><\/p>\n<p><strong><em>Resumo da novela \u201cMeu Cora\u00e7\u00e3o \u00e9 Teu\u201d<\/em><\/strong> em 28\/02: no cap\u00edtulo 085(*) da novela, sexta-feira, 28 de fevereiro, No capitulo 085, sexta-feira, 28 de fevereiro &#8211; Fanny e Leon cuidam de Luz e Mauricio. Luz est\u00e1 doente e Fanny a leva para seu quarto, elas encontram Sara no caminho, que fica desesperada em ter contato com Luz, estando ela enferma. Nando muda seu penteado por Edith, que, em troca, deve tirar a maquiagem. Ela a princ\u00edpio resiste, mas acaba aceitando o pedido de Nando. Dorival sonha que Yolanda dan\u00e7a no clube e acorda assustado. Isabela encontra o e-mail de \u00c2ngelo e o apaga. \u00c2ngelo acredita que Ana seja a filha perdida de Soledade, mas recebe uma liga\u00e7\u00e3o de Isabela, fingindo ser a assistente de Fernando, e diz poder marcar um encontro entre elas. Fernando est\u00e1 em Houston e pensando em Ana, em t\u00ea-la em seus bra\u00e7os. Fernando revisa suas mensagens e seu e-mail, e v\u00ea um e-mail de \u00c2ngelo, mas n\u00e3o o encontra na mem\u00f3ria de seu celular, pois Isabela o apagou.<\/p>\n<p>Os g\u00eameos planejam uma travessura contra Sara. Sara tem simpatia por Sebast i\u00e3o e o diz que \u00e9 uma surpresa que ele se una a seus irm\u00e3os para fazer travessuras. Sara se lembra da rejei\u00e7\u00e3o sofrida por parte de seu pai. Ana vai ao &#8220;Chicago&#8221; e aproveitando que Fernando n\u00e3o est\u00e1, promete a Dorival fazer um segundo n\u00famero.  Jennifer diz a Nicolas que ele est\u00e1 evitando a ela, e isso machuca. Fernando liga para Fanny e descobre que Ana n\u00e3o est\u00e1 cuidando de Luz. Isabela vai ao clube &#8220;Chicago&#8221; e Dorival insiste para que ela fique para ver um n\u00famero, sem saber que ela conhece Ana. Edith aparece sem maquiagem e Nando diz que ela est\u00e1 muito bonita, eles se beijam. Ana volta para a mans\u00e3o e fala com Fernando enquanto d\u00e1 boa noite as crian\u00e7as. Fernando briga com Ana por ela estar descuidando das crian\u00e7as e depois diz que sente muito a sua falta. Ana fica feliz.<\/p>\n<p>Fernando tem um sonho amoroso com Ana. \u00c2ngelo procura por Soledade e pergunta ser ela quer ver sua filha, s\u00f3 que isso ter\u00e1 que ser naquele mesmo dia. Ana sonha com Fernando e, ao despertar, v\u00ea Fanny parada em sua frente, a olhando fixamente. Ana conta a Fanny que seu pai lhe disse que sentia muito sua falta. \u00c2ngelo diz a Soledade que encontrou sua filha e que ela se chama Branca, isso confunde Soledade.Sebasti\u00e3o e os g\u00eameos pregam uma pe\u00e7a em Sara, que grita aterrorizada. Ana repreende as crian\u00e7as pela travessura que fizeram a Sara e pensa que ela deva ter algum problema. \u00c2ngelo e Soledade chegam ao parque onde ficaram de se encontrar com Isabela, mas \u00c2ngelo recebe uma liga\u00e7\u00e3o de urg\u00eancia e acaba deixando Soledade esperando sozinha. Isabela chega ao parque fingindo ser Branca, a &#8220;suposta&#8221; filha de Soledade, e a cr\u00edtica por t\u00ea-la abandonado sem nada al\u00e9m de um viol\u00e3o. Soledade explica a &#8220;Branca&#8221; (Isabela) o motivo que teve, e disse que o fazia, pois, estava fugindo da pol\u00edcia. Isabela leva Soledade a seu apartamento, e a apresenta a Yolanda, como Carmela, sua m\u00e3e adotiva. Isabela diz a Soledade que se lembra da cor de suas unhas e a can\u00e7\u00e3o que lhe cantava quando pequena, elas a cantam juntas.<\/p>\n<p>Nando pergunta a Ana se ele tem algo errado, pois s\u00f3 atrai garotas problem\u00e1ticas, como Edith. \u00c2ngelo liga para Soledade e ela diz que tudo est\u00e1 muito bem. Ana descobre que Alicia gosta de Pablo e Alicia pede permiss\u00e3o para ir ao cinema com ele, mas Ana diz que ela deve perguntar a seu pai. Alicia chora e Ana lhe diz que se ela levar seus irm\u00e3os ao cinema, Fernando certamente permitiria.. \u00c2ngelo vai atr\u00e1s de Soledade na casa de Isabela e diz que a levar\u00e1 embora, mas Soledade responde que prefere ir sozinha. Yolanda n\u00e3o aprova a atitude de Isabela. Diego passa por cirurgia e os m\u00e9dicos comunicam que o procedimento foi um sucesso. Fernando pensa em enviar seu irm\u00e3o a uma cl\u00ednica de fisioterapia na Su\u00ed\u00e7a. Ana, Bruno e as crian\u00e7as v\u00e3o ao cinema e Soledade se encontra com eles, ela est\u00e1 confusa e triste.<\/p>\n<p>(*) edi\u00e7\u00e3o do SBT, Novela \u201cMeu Cora\u00e7\u00e3o \u00e9 Teu\u201d, sujeito a altera\u00e7\u00e3o de data e conte\u00fado.<\/p>\n<p>Novela \u201cMeu Cora\u00e7\u00e3o \u00e9 Teu\u201d: Ana Leal \u00e9 uma mulher alegre e otimista. Um desastre destr\u00f3i sua casa e Ana perde tudo o que tem. Fernando Lascur\u00e1in, um prestigiado empres\u00e1rio que se lembra com tristeza que h\u00e1 um ano morreu sua esposa. Fernando \u00e9 o pai de sete filhos: Fanny de 19 anos, Nando de 17 anos, Alicia de 14 anos, Sebasti\u00e3o de 11 anos, os g\u00eameos Alex e Guille de 8 anos e a pequena Luz de 4 anos. Estes sete \u201cpequenos\u201d se encarregaram de fazer a vida de dezenas de bab\u00e1s imposs\u00edvel, mas Fernando precisa urgentemente de uma bab\u00e1 que cuide de seus filhos.<\/p>\n<p>As necessidades e a vontade de se superar, levam Ana a buscar outro trabalho. Sua falta de experi\u00eancia, e sua educa\u00e7\u00e3o prec\u00e1ria complicam o processo de ela encontrar um trabalho est\u00e1vel. Mas o destino tem algo preparado a ela: por uma confus\u00e3o, Ana termina chegando \u00e0 mans\u00e3o Lascur\u00e1in sem saber que l\u00e1 encontrar\u00e1 tudo o que sempre sonhou.<\/p>\n","protected":false},"excerpt":{"rendered":"<p>Resumo da novela \u201cMeu Cora\u00e7\u00e3o \u00e9 Teu\u201d em 28\/02: no cap\u00edtulo 085(*) da novela, sexta-feira, 28 de fevereiro, No capitulo 085, sexta-feira, 28 de fevereiro &#8211; Fanny e Leon cuidam de Luz e Mauricio. Luz est\u00e1 doente e Fanny a leva para seu quarto, elas encontram Sara no caminho, que fica desesperada em ter contato [&hellip;]<\/p>\n","protected":false},"author":4,"featured_media":183928,"comment_status":"open","ping_status":"closed","sticky":false,"template":"","format":"standard","meta":{"tdm_status":"","tdm_grid_status":"","footnotes":""},"categories":[379,372,343],"tags":[441],"class_list":{"0":"post-189349","1":"post","2":"type-post","3":"status-publish","4":"format-standard","5":"has-post-thumbnail","7":"category-novelas","8":"category-sbt","9":"category-televisao","10":"tag-resumo-do-dia"},"_links":{"self":[{"href":"https:\/\/migracao.redenoticia.com.br\/noticia\/wp-json\/wp\/v2\/posts\/189349","targetHints":{"allow":["GET"]}}],"collection":[{"href":"https:\/\/migracao.redenoticia.com.br\/noticia\/wp-json\/wp\/v2\/posts"}],"about":[{"href":"https:\/\/migracao.redenoticia.com.br\/noticia\/wp-json\/wp\/v2\/types\/post"}],"author":[{"embeddable":true,"href":"https:\/\/migracao.redenoticia.com.br\/noticia\/wp-json\/wp\/v2\/users\/4"}],"replies":[{"embeddable":true,"href":"https:\/\/migracao.redenoticia.com.br\/noticia\/wp-json\/wp\/v2\/comments?post=189349"}],"version-history":[{"count":0,"href":"https:\/\/migracao.redenoticia.com.br\/noticia\/wp-json\/wp\/v2\/posts\/189349\/revisions"}],"wp:featuredmedia":[{"embeddable":true,"href":"https:\/\/migracao.redenoticia.com.br\/noticia\/wp-json\/wp\/v2\/media\/183928"}],"wp:attachment":[{"href":"https:\/\/migracao.redenoticia.com.br\/noticia\/wp-json\/wp\/v2\/media?parent=189349"}],"wp:term":[{"taxonomy":"category","embeddable":true,"href":"https:\/\/migracao.redenoticia.com.br\/noticia\/wp-json\/wp\/v2\/categories?post=189349"},{"taxonomy":"post_tag","embeddable":true,"href":"https:\/\/migracao.redenoticia.com.br\/noticia\/wp-json\/wp\/v2\/tags?post=189349"}],"curies":[{"name":"wp","href":"https:\/\/api.w.org\/{rel}","templated":true}]}}