{"id":189354,"date":"2020-02-27T12:27:31","date_gmt":"2020-02-27T15:27:31","guid":{"rendered":"https:\/\/www.redenoticia.com.br\/noticia\/?p=189354"},"modified":"2020-02-27T12:27:31","modified_gmt":"2020-02-27T15:27:31","slug":"resumo-novela-cumplices-de-um-resgate-28-02-priscila-descobre-que-safira-escondeu-que-ela-existia","status":"publish","type":"post","link":"https:\/\/migracao.redenoticia.com.br\/noticia\/2020\/resumo-novela-cumplices-de-um-resgate-28-02-priscila-descobre-que-safira-escondeu-que-ela-existia\/189354","title":{"rendered":"Resumo novela \u201cC\u00famplices de um Resgate\u201d 28\/02: Priscila descobre que Safira escondeu que ela existia"},"content":{"rendered":"<p><img loading=\"lazy\" decoding=\"async\" class=\"aligncenter size-large wp-image-164526\" src=\"https:\/\/migracao.redenoticia.com.br\/noticia\/imagens\/cumplices-de-um-resgate-001-316x300.jpg\" alt=\"\" width=\"316\" height=\"300\" srcset=\"https:\/\/migracao.redenoticia.com.br\/noticia\/imagens\/cumplices-de-um-resgate-001-316x300.jpg 316w, https:\/\/migracao.redenoticia.com.br\/noticia\/imagens\/cumplices-de-um-resgate-001-197x187.jpg 197w, https:\/\/migracao.redenoticia.com.br\/noticia\/imagens\/cumplices-de-um-resgate-001-150x143.jpg 150w, https:\/\/migracao.redenoticia.com.br\/noticia\/imagens\/cumplices-de-um-resgate-001.jpg 526w\" sizes=\"auto, (max-width: 316px) 100vw, 316px\" \/><\/p>\n<p><strong><em>Resumo novela \u201cC\u00famplices de um Resgate\u201d 28\/02<\/em><\/strong>: no cap\u00edtulo 301(*) da novela, sexta-feira, 28 de fevereiro, T\u00e9o vai escondido com Manuela, que na verdade \u00e9 Isabela, para falar com Mateus, que est\u00e1 triste com o ocorrido. Sabrina vai at\u00e9 a casa de Fiorina com a desculpa de ver T\u00e9o, por\u00e9m com objetivo de fazer a italiana descobrir que o garoto fugiu do castigo. T\u00e9o aparece no momento e diz que havia apenas ir pegar alguns ovos no galinheiro. Regina diz que Priscila deveria ir at\u00e9 a On-Enterprise para fazer uma surpresa para Safira. Na igreja, as irm\u00e3s pro\u00edbem Luiz de entrar e dizem que ele \u00e9 um homem sem vergonha e que traiu a pr\u00f3pria esposa. Priscila chega na empresa e diz para Lurdinha que quer falar com a m\u00e3e. A secretaria fica confusa, pois nunca ningu\u00e9m soube na empresa que Safira tinha uma filha.<\/p>\n<p>Lurdinha interrompe a reuni\u00e3o diz que a filha dela est\u00e1 na recep\u00e7\u00e3o. Todos estranham e Ot\u00e1vio pergunta: \u2013 Filha?. Safira diz que a garota \u00e9 apenas uma afilhada e sai da sala. Frederico pensa que ela escondeu isso de todos durante esses anos e conclui: -Paola Bracho se contorce de inveja. Safira conversa com a filha, que fica decepcionada ao saber que Safira sempre escondeu que ela existia. A garota decide ir embora e diz que se ela n\u00e3o precisa de uma filha, ela tamb\u00e9m n\u00e3o precisa de uma m\u00e3e. Clara est\u00e1 prestes a ir embora por acreditar que Luiz estava lhe traindo. Clara conversa com Luiz e tudo se esclarece.<\/p>\n<p>Priscila fica ainda mais chateada ao sabe que os av\u00f3s sabiam que Safira escondia ter uma filha. Na empresa, Safira revela a verdade para Ot\u00e1vio. Safira vai para casa tentar falar com Priscila, que se recusa. Aurora diz que n\u00e3o pode fazer nada por ela, pois j\u00e1 passou muito a m\u00e3o em sua cabe\u00e7a durante esses anos. Fausto aparece no vilarejo, v\u00ea Flora e tenta agredi-la. Pedro aparece e tenta afastar Fausto. Sabrina aproveita a distra\u00e7\u00e3o de todos e entra no quarto de Manuela para passar o perfume dela, al\u00e9m de pegar uma fita de cabelo. Enquanto isso, do lado de fora, Pedro e Fausto brigam intensamente. Fausto sai correndo em sua moto jurando infernizar a todos, por\u00e9m, na estrada, sofre um s\u00e9rio acidente.<\/p>\n<p> (*) edi\u00e7\u00e3o do SBT, Novela \u201cC\u00famplices de um Resgate\u201d, sujeito a altera\u00e7\u00e3o de data e conte\u00fado.<\/p>\n<p>\u201cC\u00famplices de um Resgate\u201d &#8211; Duas irm\u00e3s g\u00eameas univitelinas que foram separadas ap\u00f3s nascimento, se reencontram somente ap\u00f3s doze anos. Manuela, uma das g\u00eameas, \u00e9 doce, meiga, gentil, e muito talentosa para a m\u00fasica e tem uma voz encantadora. Vive uma vida feliz no Vilarejo dos Sonhos, onde mora com sua av\u00f3 Nina, sua tia Helena e sua m\u00e3e Rebeca, que d\u00e1 muito amor e carinho a filha por ela nunca ter tido um pai, e ela \u00e9 a m\u00e3e biol\u00f3gica das duas garotas, mas nunca soube que teve g\u00eameas.<\/p>\n","protected":false},"excerpt":{"rendered":"<p>Resumo novela \u201cC\u00famplices de um Resgate\u201d 28\/02: no cap\u00edtulo 301(*) da novela, sexta-feira, 28 de fevereiro, T\u00e9o vai escondido com Manuela, que na verdade \u00e9 Isabela, para falar com Mateus, que est\u00e1 triste com o ocorrido. Sabrina vai at\u00e9 a casa de Fiorina com a desculpa de ver T\u00e9o, por\u00e9m com objetivo de fazer a [&hellip;]<\/p>\n","protected":false},"author":4,"featured_media":164526,"comment_status":"open","ping_status":"closed","sticky":false,"template":"","format":"standard","meta":{"tdm_status":"","tdm_grid_status":"","footnotes":""},"categories":[379,372,343],"tags":[441],"class_list":{"0":"post-189354","1":"post","2":"type-post","3":"status-publish","4":"format-standard","5":"has-post-thumbnail","7":"category-novelas","8":"category-sbt","9":"category-televisao","10":"tag-resumo-do-dia"},"_links":{"self":[{"href":"https:\/\/migracao.redenoticia.com.br\/noticia\/wp-json\/wp\/v2\/posts\/189354","targetHints":{"allow":["GET"]}}],"collection":[{"href":"https:\/\/migracao.redenoticia.com.br\/noticia\/wp-json\/wp\/v2\/posts"}],"about":[{"href":"https:\/\/migracao.redenoticia.com.br\/noticia\/wp-json\/wp\/v2\/types\/post"}],"author":[{"embeddable":true,"href":"https:\/\/migracao.redenoticia.com.br\/noticia\/wp-json\/wp\/v2\/users\/4"}],"replies":[{"embeddable":true,"href":"https:\/\/migracao.redenoticia.com.br\/noticia\/wp-json\/wp\/v2\/comments?post=189354"}],"version-history":[{"count":0,"href":"https:\/\/migracao.redenoticia.com.br\/noticia\/wp-json\/wp\/v2\/posts\/189354\/revisions"}],"wp:featuredmedia":[{"embeddable":true,"href":"https:\/\/migracao.redenoticia.com.br\/noticia\/wp-json\/wp\/v2\/media\/164526"}],"wp:attachment":[{"href":"https:\/\/migracao.redenoticia.com.br\/noticia\/wp-json\/wp\/v2\/media?parent=189354"}],"wp:term":[{"taxonomy":"category","embeddable":true,"href":"https:\/\/migracao.redenoticia.com.br\/noticia\/wp-json\/wp\/v2\/categories?post=189354"},{"taxonomy":"post_tag","embeddable":true,"href":"https:\/\/migracao.redenoticia.com.br\/noticia\/wp-json\/wp\/v2\/tags?post=189354"}],"curies":[{"name":"wp","href":"https:\/\/api.w.org\/{rel}","templated":true}]}}