{"id":189453,"date":"2020-02-29T18:21:44","date_gmt":"2020-02-29T21:21:44","guid":{"rendered":"https:\/\/www.redenoticia.com.br\/noticia\/?p=189453"},"modified":"2020-02-29T18:21:44","modified_gmt":"2020-02-29T21:21:44","slug":"resumo-novela-meu-coracao-e-teu-02-03-fernando-e-os-filhos-preparam-surpresa-para-ana","status":"publish","type":"post","link":"https:\/\/migracao.redenoticia.com.br\/noticia\/2020\/resumo-novela-meu-coracao-e-teu-02-03-fernando-e-os-filhos-preparam-surpresa-para-ana\/189453","title":{"rendered":"Resumo novela \u201cMeu Cora\u00e7\u00e3o \u00e9 Teu\u201d 02\/03: Fernando e os filhos preparam surpresa para Ana"},"content":{"rendered":"<p> <img loading=\"lazy\" decoding=\"async\" class=\"aligncenter size-large wp-image-183929\" src=\"https:\/\/migracao.redenoticia.com.br\/noticia\/imagens\/meu-coracao-e-teu-300x300.jpg\" alt=\"\" width=\"300\" height=\"300\" srcset=\"https:\/\/migracao.redenoticia.com.br\/noticia\/imagens\/meu-coracao-e-teu-300x300.jpg 300w, https:\/\/migracao.redenoticia.com.br\/noticia\/imagens\/meu-coracao-e-teu-187x187.jpg 187w, https:\/\/migracao.redenoticia.com.br\/noticia\/imagens\/meu-coracao-e-teu-150x150.jpg 150w, https:\/\/migracao.redenoticia.com.br\/noticia\/imagens\/meu-coracao-e-teu-140x140.jpg 140w, https:\/\/migracao.redenoticia.com.br\/noticia\/imagens\/meu-coracao-e-teu-85x85.jpg 85w, https:\/\/migracao.redenoticia.com.br\/noticia\/imagens\/meu-coracao-e-teu.jpg 500w\" sizes=\"auto, (max-width: 300px) 100vw, 300px\" \/><\/p>\n<p><strong><em>Resumo da novela \u201cMeu Cora\u00e7\u00e3o \u00e9 Teu\u201d<\/em><\/strong> em 02\/03 no cap\u00edtulo 086(*) da novela, segunda-feira, 02 de mar\u00e7o, Pablo e Alicia se beijam, Ana os separa. Diego pede a Fernando que volte para a mans\u00e3o e conquiste Ana. Nat\u00e1lia d\u00e1 a Fernando um \u00e1lbum de fotos que Diego tomou de Ana. Maur\u00edcio pergunta a Luz porque Ana e Fernando n\u00e3o se casam e tamb\u00e9m diz que gostaria que seu pai se casasse com Fanny. Leon diz a Fanny que far\u00e1 um v\u00eddeo de sua can\u00e7\u00e3o com ela. Os g\u00eameos e Sebasti\u00e3o pedem perd\u00e3o a Sara pela brincadeira que fizeram e Sebasti\u00e3o lhe d\u00e1 uma flor. Yolanda descobre que Isabela est\u00e1 planejando fazer algo pior com Soledade. Soledade diz a \u00c2ngelo que est\u00e1 triste, pois Branca disse que jamais a perdoar\u00e1. Fernando surpreende Ana ao chegar sem avisar \u00e0 mans\u00e3o. Ana pergunta o que est\u00e1 fazendo ali. Ele a responde que tinha muita vontade de v\u00ea-la. Ana e Fernando se tocam. Fernando e Ana tomam ch\u00e1 juntos e ele mostra seu \u00e1lbum de fotos. Ana n\u00e3o consegue esconder a felicidade em v\u00ea-lo, Fernando pede outra oportunidade a Ana.<\/p>\n<p>Amanhece e Fernando v\u00ea a receita que o m\u00e9dico deu a Luz e se lembra do nome do doutor que o mandou um e-mail. Fernando liga para o Dr. \u00c2ngelo, que o diz que sua assistente o contatou, Fernando responde que n\u00e3o tem assistente e eles ficam de se ver. Soledade volta ao apartamento de Branca, que na verdade \u00e9 Isabela, e tenta explicar lhe porque a abandonou, mas Isabela insiste em dizer que jamais a perdoar\u00e1. Fernando vai ao apartamento de \u00c2ngelo e eles conversam. Fernando diz que a filha de Soledade n\u00e3o se chama Branca, e sim Ana Leal. \u00c2ngelo mostra a Fernando o suposto endere\u00e7o de Branca, Fernando descobre que Isabela est\u00e1 por tr\u00e1s de todo essa mentira. Em casa, Isabela pensa em como se desfazer de Soledade. Isabela come\u00e7a a sentir se mal, e vai se deitar um pouco. Fernando e \u00c2ngelo chegam \u00e0 casa de Isabela e Soledade est\u00e1 inconsol\u00e1vel. \u00c2ngelo diz a Soledade que ela foi enganada e que sua filha se chama Ana Leal. Fernando vai atr\u00e1s de Soledade na casa de Isabela e pede a ela que deixe de atrapalhar a vida de Ana. Isabela responde que ainda que Fernando n\u00e3o queira, seguir\u00e1 sabendo dela, pois ser\u00e1 pai de seu filho. Soledade diz a Yolanda que n\u00e3o consegue acreditar que sendo m\u00e3e, caia em jogos desse tipo, feitos por Isabela.<\/p>\n<p>Jennifer diz a Nicolas que j\u00e1 est\u00e1 muito cansada com a situa\u00e7\u00e3o que vive e que compreendeu que ele n\u00e3o se importa mais seus sentimentos. Nicolas diz que j\u00e1 n\u00e3o a ama mais. Soledade quer conhecer Ana imediatamente, mas Fernando planeja algo muito especial para esse momento. Enquanto Jennifer diz a Ana que deixar\u00e1 Nicolas, ele fala para Bruno e Nando que Jenny merece algu\u00e9m de sua idade, que possa lhe dar filhos. Quando \u00c2ngelo v\u00ea o entusiasmo com que Fernando fala de Ana e prepara uma surpresa, conclui que ele est\u00e1 apaixonado por ela. Todos na mans\u00e3o est\u00e3o preparando uma surpresa para Ana, que n\u00e3o para de perguntar o que est\u00e3o planejando, Fanny sempre desconversa. Fanny, Alicia e Luz v\u00e3o comprar um vestido para Ana. \u00c2ngelo diz a Soledade que, em poucos dias, ela conhecer\u00e1 Ana e isso a alegra muito. Fernando diz a Nando, Sebasti\u00e3o e Bruno que quer que montem um espet\u00e1culo. Soledade diz a Fernando que tem medo que Ana a rejeite. Fernando responde que Ana \u00e9 um ser humano muito generoso, e que depois de tantos anos, a \u00fanica coisa que ela deseja \u00e9 abra\u00e7\u00e1-la.<\/p>\n<p>(*) edi\u00e7\u00e3o do SBT, Novela \u201cMeu Cora\u00e7\u00e3o \u00e9 Teu\u201d, sujeito a altera\u00e7\u00e3o de data e conte\u00fado.<\/p>\n<p>Novela \u201cMeu Cora\u00e7\u00e3o \u00e9 Teu\u201d: Ana Leal \u00e9 uma mulher alegre e otimista. Um desastre destr\u00f3i sua casa e Ana perde tudo o que tem. Fernando Lascur\u00e1in, um prestigiado empres\u00e1rio que se lembra com tristeza que h\u00e1 um ano morreu sua esposa. Fernando \u00e9 o pai de sete filhos: Fanny de 19 anos, Nando de 17 anos, Alicia de 14 anos, Sebasti\u00e3o de 11 anos, os g\u00eameos Alex e Guille de 8 anos e a pequena Luz de 4 anos. Estes sete \u201cpequenos\u201d se encarregaram de fazer a vida de dezenas de bab\u00e1s imposs\u00edvel, mas Fernando precisa urgentemente de uma bab\u00e1 que cuide de seus filhos.<\/p>\n<p>As necessidades e a vontade de se superar, levam Ana a buscar outro trabalho. Sua falta de experi\u00eancia, e sua educa\u00e7\u00e3o prec\u00e1ria complicam o processo de ela encontrar um trabalho est\u00e1vel. Mas o destino tem algo preparado a ela: por uma confus\u00e3o, Ana termina chegando \u00e0 mans\u00e3o Lascur\u00e1in sem saber que l\u00e1 encontrar\u00e1 tudo o que sempre sonhou.<\/p>\n","protected":false},"excerpt":{"rendered":"<p>Resumo da novela \u201cMeu Cora\u00e7\u00e3o \u00e9 Teu\u201d em 02\/03 no cap\u00edtulo 086(*) da novela, segunda-feira, 02 de mar\u00e7o, Pablo e Alicia se beijam, Ana os separa. Diego pede a Fernando que volte para a mans\u00e3o e conquiste Ana. Nat\u00e1lia d\u00e1 a Fernando um \u00e1lbum de fotos que Diego tomou de Ana. Maur\u00edcio pergunta a Luz [&hellip;]<\/p>\n","protected":false},"author":5,"featured_media":183928,"comment_status":"open","ping_status":"closed","sticky":false,"template":"","format":"standard","meta":{"tdm_status":"","tdm_grid_status":"","footnotes":""},"categories":[379,372,343],"tags":[441],"class_list":{"0":"post-189453","1":"post","2":"type-post","3":"status-publish","4":"format-standard","5":"has-post-thumbnail","7":"category-novelas","8":"category-sbt","9":"category-televisao","10":"tag-resumo-do-dia"},"_links":{"self":[{"href":"https:\/\/migracao.redenoticia.com.br\/noticia\/wp-json\/wp\/v2\/posts\/189453","targetHints":{"allow":["GET"]}}],"collection":[{"href":"https:\/\/migracao.redenoticia.com.br\/noticia\/wp-json\/wp\/v2\/posts"}],"about":[{"href":"https:\/\/migracao.redenoticia.com.br\/noticia\/wp-json\/wp\/v2\/types\/post"}],"author":[{"embeddable":true,"href":"https:\/\/migracao.redenoticia.com.br\/noticia\/wp-json\/wp\/v2\/users\/5"}],"replies":[{"embeddable":true,"href":"https:\/\/migracao.redenoticia.com.br\/noticia\/wp-json\/wp\/v2\/comments?post=189453"}],"version-history":[{"count":0,"href":"https:\/\/migracao.redenoticia.com.br\/noticia\/wp-json\/wp\/v2\/posts\/189453\/revisions"}],"wp:featuredmedia":[{"embeddable":true,"href":"https:\/\/migracao.redenoticia.com.br\/noticia\/wp-json\/wp\/v2\/media\/183928"}],"wp:attachment":[{"href":"https:\/\/migracao.redenoticia.com.br\/noticia\/wp-json\/wp\/v2\/media?parent=189453"}],"wp:term":[{"taxonomy":"category","embeddable":true,"href":"https:\/\/migracao.redenoticia.com.br\/noticia\/wp-json\/wp\/v2\/categories?post=189453"},{"taxonomy":"post_tag","embeddable":true,"href":"https:\/\/migracao.redenoticia.com.br\/noticia\/wp-json\/wp\/v2\/tags?post=189453"}],"curies":[{"name":"wp","href":"https:\/\/api.w.org\/{rel}","templated":true}]}}