{"id":18948,"date":"2009-12-02T14:33:19","date_gmt":"2009-12-02T18:33:19","guid":{"rendered":"http:\/\/www.redenoticia.com.br\/noticia\/?p=18948"},"modified":"2009-12-02T14:33:19","modified_gmt":"2009-12-02T18:33:19","slug":"santa-gertrudes-adquire-livros-em-braille-para-escolas","status":"publish","type":"post","link":"https:\/\/migracao.redenoticia.com.br\/noticia\/2009\/santa-gertrudes-adquire-livros-em-braille-para-escolas\/18948","title":{"rendered":"Santa Gertrudes adquire livros em Braille para escolas"},"content":{"rendered":"<p>A Secretaria Municipal da Educa\u00e7\u00e3o de Santa Gertrudes (SP) adquiriu\u00a0 3.160 livros para as escolas municipais de Ensino Fundamental I (do pr\u00e9 ao 5\u00b0 ano). A compra foi realizada no \u00e2mbito dos programas de incentivo \u00e0 leitura, aplicados \u00e0s escolas municipais.<\/p>\n<p>Para garantir a adequa\u00e7\u00e3o dos livros \u00e0 idade dos alunos, antes da aquisi\u00e7\u00e3o a secretaria consultou v\u00e1rios especialistas, principalmente para conhecer os conte\u00fados dos livros com abordagens sobre temas atuais. Foram comprados, inclusive, livros no alfabeto Braille para atender alunos com defici\u00eancia visual. Entre os livros adquiridos est\u00e3o obras de Monteiro Lobato, Pedro Bandeira, Patr\u00edcia Amorim, Ziraldo e outros. As escolas j\u00e1 est\u00e3o recebendo os kits com os volumes.<\/p>\n<p>A pr\u00f3xima a\u00e7\u00e3o da secretaria ser\u00e1 a atualiza\u00e7\u00e3o do acervo de obras do Ensino Fundamental II (6\u00b0 ao 9\u00b0 ano). Os livros que compor\u00e3o esse acervo est\u00e3o sendo selecionados e sua aquisi\u00e7\u00e3o deve ocorrer em breve.<\/p>\n<p>A secretaria da Educa\u00e7\u00e3o, Edna Buoro Jorge, informou que, al\u00e9m da aquisi\u00e7\u00e3o dos livros, a secretaria planeja tamb\u00e9m ampliar os ambientes de leitura das bibliotecas. O prefeito Jo\u00e3o Carlos Vitte disse que a prefeitura ap\u00f3ia totalmente as a\u00e7\u00f5es de incentivo \u00e0 leitura da secretaria de Educa\u00e7\u00e3o.<\/p>\n","protected":false},"excerpt":{"rendered":"<p>A Secretaria Municipal da Educa\u00e7\u00e3o de Santa Gertrudes (SP) adquiriu\u00a0 3.160 livros para as escolas municipais de Ensino Fundamental I (do pr\u00e9 ao 5\u00b0 ano). A compra foi realizada no \u00e2mbito dos programas de incentivo \u00e0 leitura, aplicados \u00e0s escolas municipais. Para garantir a adequa\u00e7\u00e3o dos livros \u00e0 idade dos alunos, antes da aquisi\u00e7\u00e3o a [&hellip;]<\/p>\n","protected":false},"author":2,"featured_media":0,"comment_status":"open","ping_status":"open","sticky":false,"template":"","format":"standard","meta":{"tdm_status":"","tdm_grid_status":"","footnotes":""},"categories":[22],"tags":[],"class_list":{"0":"post-18948","1":"post","2":"type-post","3":"status-publish","4":"format-standard","6":"category-brasil"},"_links":{"self":[{"href":"https:\/\/migracao.redenoticia.com.br\/noticia\/wp-json\/wp\/v2\/posts\/18948","targetHints":{"allow":["GET"]}}],"collection":[{"href":"https:\/\/migracao.redenoticia.com.br\/noticia\/wp-json\/wp\/v2\/posts"}],"about":[{"href":"https:\/\/migracao.redenoticia.com.br\/noticia\/wp-json\/wp\/v2\/types\/post"}],"author":[{"embeddable":true,"href":"https:\/\/migracao.redenoticia.com.br\/noticia\/wp-json\/wp\/v2\/users\/2"}],"replies":[{"embeddable":true,"href":"https:\/\/migracao.redenoticia.com.br\/noticia\/wp-json\/wp\/v2\/comments?post=18948"}],"version-history":[{"count":0,"href":"https:\/\/migracao.redenoticia.com.br\/noticia\/wp-json\/wp\/v2\/posts\/18948\/revisions"}],"wp:attachment":[{"href":"https:\/\/migracao.redenoticia.com.br\/noticia\/wp-json\/wp\/v2\/media?parent=18948"}],"wp:term":[{"taxonomy":"category","embeddable":true,"href":"https:\/\/migracao.redenoticia.com.br\/noticia\/wp-json\/wp\/v2\/categories?post=18948"},{"taxonomy":"post_tag","embeddable":true,"href":"https:\/\/migracao.redenoticia.com.br\/noticia\/wp-json\/wp\/v2\/tags?post=18948"}],"curies":[{"name":"wp","href":"https:\/\/api.w.org\/{rel}","templated":true}]}}