{"id":18950,"date":"2009-12-02T14:36:03","date_gmt":"2009-12-02T18:36:03","guid":{"rendered":"http:\/\/www.redenoticia.com.br\/noticia\/?p=18950"},"modified":"2009-12-02T14:36:03","modified_gmt":"2009-12-02T18:36:03","slug":"encontro-discute-tecnologias-para-criacao-de-ovinos-em-rondonia","status":"publish","type":"post","link":"https:\/\/migracao.redenoticia.com.br\/noticia\/2009\/encontro-discute-tecnologias-para-criacao-de-ovinos-em-rondonia\/18950","title":{"rendered":"Encontro discute tecnologias para cria\u00e7\u00e3o de Ovinos em Rond\u00f4nia"},"content":{"rendered":"<p>Um dia especial voltado exclusivamente para discutir a ovinocultura de Rond\u00f4nia reuniu, em Ji-Paran\u00e1, mais de 200 produtores rurais. Nem todos eram criadores de ovinos, mas o interesse em iniciar uma atividade vi\u00e1vel e lucrativa era grande entre os participantes.<\/p>\n<p>A atividade foi realizada pela Associa\u00e7\u00e3o de Assist\u00eancia T\u00e9cnica e Extens\u00e3o Rural do Estado de Rond\u00f4nia (Emater) em parceria com a Secretaria de Estado da Agricultura, Pecu\u00e1ria e Regulariza\u00e7\u00e3o Fundi\u00e1ria (Seagri) e deputado Jesualdo Pires, representando a Associa\u00e7\u00e3o dos Ovinocultores do Estado de Rond\u00f4nia (Aoro), para divulgar a atividade e buscar informa\u00e7\u00f5es tecnol\u00f3gicas a fim de promover a melhoria da qualidade animal atrav\u00e9s de manejos sanit\u00e1rio e alimentar, forma\u00e7\u00e3o de novos planteis e amplia\u00e7\u00e3o do mercado de carne de ovinos.<\/p>\n<p>J\u00e1, em 2006, segundo o relat\u00f3rio anual da pecu\u00e1ria no pa\u00eds (Anualpec), Rond\u00f4nia j\u00e1 contava com 94.365 cabe\u00e7as de ovinos, ou seja, 17% do rebanho da regi\u00e3o norte, colocando-o na segunda posi\u00e7\u00e3o de maior produtor de ovinos da regi\u00e3o. A posi\u00e7\u00e3o se mant\u00e9m, mas o n\u00famero, hoje, segundo dados levantados pela Seagri, Emater, Embrapa e Idaron, gira em torno de 125 mil cabe\u00e7as distribu\u00eddas em 4.397 propriedades.<\/p>\n<p>Atentos a essa expans\u00e3o e interessados em fortalecer a produ\u00e7\u00e3o, o Seagri tem investido em a\u00e7\u00f5es a fim de conhecer as potencialidades, os desafios e os caminhos para tornar a ovinocultura uma atividade economicamente sustent\u00e1vel.<\/p>\n<p>Durante o Dia Especial realizado em Ji-Paran\u00e1, t\u00e9cnicos e especialistas no assunto falaram sobre a necessidade de se organizar a cadeia produtiva para fortalecer a atividade no Estado. Jobel Beserra, coordenador de pecu\u00e1ria da Seagri, diz que em Rond\u00f4nia as condi\u00e7\u00f5es clim\u00e1ticas s\u00e3o favor\u00e1veis para o desenvolvimento do rebanho e que a carne de cordeiro tem boa aceita\u00e7\u00e3o no mercado, mas \u00e9 preciso melhorar a gen\u00e9tica animal.<\/p>\n<p>O diagn\u00f3stico realizado no Estado mostrou que hoje as cria\u00e7\u00f5es s\u00e3o feitas de forma extensiva, praticamente sem ado\u00e7\u00e3o de tecnologia. O abate dos animais \u00e9 feito tardiamente, o rendimento de carca\u00e7a \u00e9 baixo e n\u00e3o h\u00e1 aproveitamento dos subprodutos como couro, mi\u00fados e esterco.<\/p>\n<p>O secret\u00e1rio executivo da Emater, Sorrival de Lima diz que a Emater j\u00e1 capacitou t\u00e9cnicos para dar suporte aos agricultores e que a ovinocultura \u00e9 uma grande oportunidade para o pequeno produtor, despontando como mais uma alternativa de renda.<\/p>\n<p>Mercado para absorver a produ\u00e7\u00e3o existe, o maior desafio agora est\u00e1 em produzir animais precoces com carne de alta qualidade e escala de produ\u00e7\u00e3o para o ano todo. Com isso, a integra\u00e7\u00e3o industrial com a implanta\u00e7\u00e3o de um frigor\u00edfico para carne de ovinos ser\u00e1 conseq\u00fc\u00eancia natural.<\/p>\n","protected":false},"excerpt":{"rendered":"<p>Um dia especial voltado exclusivamente para discutir a ovinocultura de Rond\u00f4nia reuniu, em Ji-Paran\u00e1, mais de 200 produtores rurais. Nem todos eram criadores de ovinos, mas o interesse em iniciar uma atividade vi\u00e1vel e lucrativa era grande entre os participantes. A atividade foi realizada pela Associa\u00e7\u00e3o de Assist\u00eancia T\u00e9cnica e Extens\u00e3o Rural do Estado de [&hellip;]<\/p>\n","protected":false},"author":2,"featured_media":0,"comment_status":"open","ping_status":"open","sticky":false,"template":"","format":"standard","meta":{"tdm_status":"","tdm_grid_status":"","footnotes":""},"categories":[22],"tags":[],"class_list":{"0":"post-18950","1":"post","2":"type-post","3":"status-publish","4":"format-standard","6":"category-brasil"},"_links":{"self":[{"href":"https:\/\/migracao.redenoticia.com.br\/noticia\/wp-json\/wp\/v2\/posts\/18950","targetHints":{"allow":["GET"]}}],"collection":[{"href":"https:\/\/migracao.redenoticia.com.br\/noticia\/wp-json\/wp\/v2\/posts"}],"about":[{"href":"https:\/\/migracao.redenoticia.com.br\/noticia\/wp-json\/wp\/v2\/types\/post"}],"author":[{"embeddable":true,"href":"https:\/\/migracao.redenoticia.com.br\/noticia\/wp-json\/wp\/v2\/users\/2"}],"replies":[{"embeddable":true,"href":"https:\/\/migracao.redenoticia.com.br\/noticia\/wp-json\/wp\/v2\/comments?post=18950"}],"version-history":[{"count":0,"href":"https:\/\/migracao.redenoticia.com.br\/noticia\/wp-json\/wp\/v2\/posts\/18950\/revisions"}],"wp:attachment":[{"href":"https:\/\/migracao.redenoticia.com.br\/noticia\/wp-json\/wp\/v2\/media?parent=18950"}],"wp:term":[{"taxonomy":"category","embeddable":true,"href":"https:\/\/migracao.redenoticia.com.br\/noticia\/wp-json\/wp\/v2\/categories?post=18950"},{"taxonomy":"post_tag","embeddable":true,"href":"https:\/\/migracao.redenoticia.com.br\/noticia\/wp-json\/wp\/v2\/tags?post=18950"}],"curies":[{"name":"wp","href":"https:\/\/api.w.org\/{rel}","templated":true}]}}