{"id":189509,"date":"2020-03-02T12:03:30","date_gmt":"2020-03-02T15:03:30","guid":{"rendered":"https:\/\/www.redenoticia.com.br\/noticia\/?p=189509"},"modified":"2020-03-02T12:03:30","modified_gmt":"2020-03-02T15:03:30","slug":"resumo-novela-betty-a-feia-em-nova-york-02-03-armando-fica-surpreso-ao-ver-o-lucro-da-bar","status":"publish","type":"post","link":"https:\/\/migracao.redenoticia.com.br\/noticia\/2020\/resumo-novela-betty-a-feia-em-nova-york-02-03-armando-fica-surpreso-ao-ver-o-lucro-da-bar\/189509","title":{"rendered":"Resumo novela \u201cBetty, a Feia em Nova York\u201d 02\/03: Armando fica surpreso ao ver o lucro da BAR"},"content":{"rendered":"<p><img loading=\"lazy\" decoding=\"async\" class=\"aligncenter size-large wp-image-187571\" src=\"https:\/\/migracao.redenoticia.com.br\/noticia\/imagens\/betty-ny-sbt-400x225.jpg\" alt=\"\" width=\"400\" height=\"225\" srcset=\"https:\/\/migracao.redenoticia.com.br\/noticia\/imagens\/betty-ny-sbt-400x225.jpg 400w, https:\/\/migracao.redenoticia.com.br\/noticia\/imagens\/betty-ny-sbt-250x140.jpg 250w, https:\/\/migracao.redenoticia.com.br\/noticia\/imagens\/betty-ny-sbt-768x432.jpg 768w, https:\/\/migracao.redenoticia.com.br\/noticia\/imagens\/betty-ny-sbt-150x85.jpg 150w, https:\/\/migracao.redenoticia.com.br\/noticia\/imagens\/betty-ny-sbt-696x392.jpg 696w, https:\/\/migracao.redenoticia.com.br\/noticia\/imagens\/betty-ny-sbt.jpg 1280w\" sizes=\"auto, (max-width: 400px) 100vw, 400px\" \/><\/p>\n<p><em><strong>Resumo novela \u201cBetty, a Feia em Nova York\u201d 02\/03<\/strong><\/em>: no cap\u00edtulo 027(*) da novela, segunda-feira, 02 de mar\u00e7o, Bertha ouve uma conversa de Patr\u00edcia ao telefone onde ela fala sobre sua suspeita de que pode estar gr\u00e1vida e imediatamente conta a novidade para as amigas do pelot\u00e3o. Na realidade Patr\u00edcia est\u00e1 falando do atraso de seu condom\u00ednio. Por vingan\u00e7a, Patr\u00edcia se aproveita da fofoca para manipular Daniel e Ricardo. Betty entrega a Armando o \u201cCollateral Assett\u201d assinado e ele pede a ela que o guarde me um lugar seguro. Empregados e acionistas n\u00e3o recebem o sal\u00e1rio do m\u00eas e Betty est\u00e1 nervosa.<\/p>\n<p>O banco aprova o cr\u00e9dito da V&amp;M, mas num valor menor do que o esperado, suficiente apenas para comprar os tecidos ou pagar os empregados. A decis\u00e3o fica \u00e1 cargo de Armando e ele opta por comprar os tecidos. Betty prop\u00f5e usar os lucros da \u201cBAR\u201d para pagar os sal\u00e1rios. Armando fica surpreso ao ver o lucro que a BAR conseguiu na bolsa de valores. Armando pede a Ricardo que se reconcilie com Patr\u00edcia para mant\u00ea-la vigiada e afastada de Daniel..<\/p>\n<p>(*) edi\u00e7\u00e3o da Rede Globo, Novela \u201cBetty, a Feia em Nova York\u201d, sujeito a altera\u00e7\u00e3o de data e conte\u00fado.<\/p>\n<p>Sinopse \u201cBetty, a Feia em Nova York\u201d: A historia gira entorno a Betty (Elyfer Torres), uma jovem mexicana inteligente e capaz que vive em Nova York na busca pelos sonhos superando os preju\u00edzos onde a imagem \u00e9 tudo. Depois de seis meses rejeitada e demitida de todos os trabalhos em raz\u00e3o da falta de atrativo f\u00edsico, Betty decide aceitar um trabalho muito abaixo de suas capacidades.Depois de ingressar na empresa V&amp;M Fashion, vira secret\u00e1ria pessoal do presidente da companhia.<\/p>\n<p>Apesar de ser ridicularizada e humilhada pela falta de estilo Betty est\u00e1 mais que disposta a n\u00e3o ser derrotada nesta implac\u00e1vel guerra de apar\u00eancias.Se no lado pessoal Betty \u00e9 exatamente competente e tem grandes planos para o crescimento pessoal, as suas poucas qualidades poder\u00e1 ajudar Betty a encontrar o verdadeiro amor.<\/p>\n","protected":false},"excerpt":{"rendered":"<p>Resumo novela \u201cBetty, a Feia em Nova York\u201d 02\/03: no cap\u00edtulo 027(*) da novela, segunda-feira, 02 de mar\u00e7o, Bertha ouve uma conversa de Patr\u00edcia ao telefone onde ela fala sobre sua suspeita de que pode estar gr\u00e1vida e imediatamente conta a novidade para as amigas do pelot\u00e3o. Na realidade Patr\u00edcia est\u00e1 falando do atraso de [&hellip;]<\/p>\n","protected":false},"author":4,"featured_media":187571,"comment_status":"open","ping_status":"closed","sticky":false,"template":"","format":"standard","meta":{"tdm_status":"","tdm_grid_status":"","footnotes":""},"categories":[379,372,343],"tags":[441],"class_list":{"0":"post-189509","1":"post","2":"type-post","3":"status-publish","4":"format-standard","5":"has-post-thumbnail","7":"category-novelas","8":"category-sbt","9":"category-televisao","10":"tag-resumo-do-dia"},"_links":{"self":[{"href":"https:\/\/migracao.redenoticia.com.br\/noticia\/wp-json\/wp\/v2\/posts\/189509","targetHints":{"allow":["GET"]}}],"collection":[{"href":"https:\/\/migracao.redenoticia.com.br\/noticia\/wp-json\/wp\/v2\/posts"}],"about":[{"href":"https:\/\/migracao.redenoticia.com.br\/noticia\/wp-json\/wp\/v2\/types\/post"}],"author":[{"embeddable":true,"href":"https:\/\/migracao.redenoticia.com.br\/noticia\/wp-json\/wp\/v2\/users\/4"}],"replies":[{"embeddable":true,"href":"https:\/\/migracao.redenoticia.com.br\/noticia\/wp-json\/wp\/v2\/comments?post=189509"}],"version-history":[{"count":0,"href":"https:\/\/migracao.redenoticia.com.br\/noticia\/wp-json\/wp\/v2\/posts\/189509\/revisions"}],"wp:featuredmedia":[{"embeddable":true,"href":"https:\/\/migracao.redenoticia.com.br\/noticia\/wp-json\/wp\/v2\/media\/187571"}],"wp:attachment":[{"href":"https:\/\/migracao.redenoticia.com.br\/noticia\/wp-json\/wp\/v2\/media?parent=189509"}],"wp:term":[{"taxonomy":"category","embeddable":true,"href":"https:\/\/migracao.redenoticia.com.br\/noticia\/wp-json\/wp\/v2\/categories?post=189509"},{"taxonomy":"post_tag","embeddable":true,"href":"https:\/\/migracao.redenoticia.com.br\/noticia\/wp-json\/wp\/v2\/tags?post=189509"}],"curies":[{"name":"wp","href":"https:\/\/api.w.org\/{rel}","templated":true}]}}