{"id":189511,"date":"2020-03-02T12:04:54","date_gmt":"2020-03-02T15:04:54","guid":{"rendered":"https:\/\/www.redenoticia.com.br\/noticia\/?p=189511"},"modified":"2020-03-02T12:04:54","modified_gmt":"2020-03-02T15:04:54","slug":"resumo-novela-meu-coracao-e-teu-03-03-fernando-conta-a-ana-o-que-isabela-fez-com-soledade","status":"publish","type":"post","link":"https:\/\/migracao.redenoticia.com.br\/noticia\/2020\/resumo-novela-meu-coracao-e-teu-03-03-fernando-conta-a-ana-o-que-isabela-fez-com-soledade\/189511","title":{"rendered":"Resumo novela \u201cMeu Cora\u00e7\u00e3o \u00e9 Teu\u201d 03\/03: Fernando conta a Ana o que Isabela fez com Soledade"},"content":{"rendered":"<p><img loading=\"lazy\" decoding=\"async\" class=\"aligncenter size-large wp-image-183929\" src=\"https:\/\/migracao.redenoticia.com.br\/noticia\/imagens\/meu-coracao-e-teu-300x300.jpg\" alt=\"\" width=\"300\" height=\"300\" srcset=\"https:\/\/migracao.redenoticia.com.br\/noticia\/imagens\/meu-coracao-e-teu-300x300.jpg 300w, https:\/\/migracao.redenoticia.com.br\/noticia\/imagens\/meu-coracao-e-teu-187x187.jpg 187w, https:\/\/migracao.redenoticia.com.br\/noticia\/imagens\/meu-coracao-e-teu-150x150.jpg 150w, https:\/\/migracao.redenoticia.com.br\/noticia\/imagens\/meu-coracao-e-teu-140x140.jpg 140w, https:\/\/migracao.redenoticia.com.br\/noticia\/imagens\/meu-coracao-e-teu-85x85.jpg 85w, https:\/\/migracao.redenoticia.com.br\/noticia\/imagens\/meu-coracao-e-teu.jpg 500w\" sizes=\"auto, (max-width: 300px) 100vw, 300px\" \/><\/p>\n<p><strong><em>Resumo da novela \u201cMeu Cora\u00e7\u00e3o \u00e9 Teu\u201d<\/em><\/strong> em 03\/03 no cap\u00edtulo 087(*) da novela, ter\u00e7a-feira, 03 de mar\u00e7o, Os Lascurain est\u00e3o comovidos com a surpresa que Ana receber\u00e1, cada uma das sete crian\u00e7as sente um pouco da emo\u00e7\u00e3o que Ana ir\u00e1 viver e acabam se lembrando da m\u00e3e. Fernando usa um microfone para dizer \u00e0 Ana que, desde que ela chegou, a vida dele e das crian\u00e7as est\u00e1 cada vez mais alegre. Ana escuta a voz de sua m\u00e3e. Ana e Soledade choram e se abra\u00e7am, dizendo que esperaram por esse momento h\u00e1 trinta anos. A fam\u00edlia Lascurain chora diante ao presenciar o encontro. Isabela fica irritada. Yolanda diz a Isabela que ela se transformou em uma mulher amargurada, deprimente e pat\u00e9tica. Isabela amea\u00e7a expulsar Yolanda de seu apartamento.<\/p>\n<p>Edith se encontra com seu irm\u00e3o, lhe d\u00e1 uma bofetada, diz que o odeia e sai correndo. Ana apresenta Soledade a cada uma das sete crian\u00e7as, que expressam muita felicidade pela alegria da bab\u00e1. Ana diz a Soledade que est\u00e1 completamente apaixonada por Fernando, mas que a situa\u00e7\u00e3o que vive \u00e9 muito complicada. Ela se surpreende quando descobre que Angel j\u00e1 sabia desse amor. Soledade confessa que precisa contar como tudo aconteceu para a filha, para depois n\u00e3o voltar mais ao tema. Soledade diz a Ana que nunca a abandonou. Fanny diz a Edith que Nando est\u00e1 preocupado com ela, pois sente que algo est\u00e1 acontecendo. Edith promete falar com Nando, porque ele fez com que ela volte a acreditar no amor. Sara confessa a Fernando que se sente como um objeto quando est\u00e1 com seus pais e que desejaria permanecer na mans\u00e3o Lascurain para sempre.<\/p>\n<p>Soledade conta a Ana que matou um homem, apenas, porque ele queria roubar sua filha e tudo aconteceu no desespero. Ela atirou um tijolo na cabe\u00e7a do homem enquanto ele a perseguia e quando descobriu que a pol\u00edcia a procurava, decidiu deix\u00e1-la no orfanato. Nicolas diz a Fernando que precisa manter dist\u00e2ncia entre ele e Jennifer, e por isso ir\u00e1 embora com Diego para a Su\u00ed\u00e7a. Ana abra\u00e7a Fernando e agradece por tudo que ele tem feito. Edith confessa a verdade a Nando e ele diz que a admira muito, e que n\u00e3o est\u00e1 s\u00f3. Nicolas telefona para Johnny, diz que ir\u00e1 para a Su\u00ed\u00e7a, mas antes precisa v\u00ea-lo. Fernando conta a Ana o que Isabela fez com Soledade, Ana fica furiosa. Johnny pensa que gostaria de ser o homem a fazer Jenny feliz e se lembra de quando come\u00e7ou a se interessar por ela.<\/p>\n<p>(*) edi\u00e7\u00e3o do SBT, Novela \u201cMeu Cora\u00e7\u00e3o \u00e9 Teu\u201d, sujeito a altera\u00e7\u00e3o de data e conte\u00fado.<\/p>\n<p>Novela \u201cMeu Cora\u00e7\u00e3o \u00e9 Teu\u201d: Ana Leal \u00e9 uma mulher alegre e otimista. Um desastre destr\u00f3i sua casa e Ana perde tudo o que tem. Fernando Lascur\u00e1in, um prestigiado empres\u00e1rio que se lembra com tristeza que h\u00e1 um ano morreu sua esposa. Fernando \u00e9 o pai de sete filhos: Fanny de 19 anos, Nando de 17 anos, Alicia de 14 anos, Sebasti\u00e3o de 11 anos, os g\u00eameos Alex e Guille de 8 anos e a pequena Luz de 4 anos. Estes sete \u201cpequenos\u201d se encarregaram de fazer a vida de dezenas de bab\u00e1s imposs\u00edvel, mas Fernando precisa urgentemente de uma bab\u00e1 que cuide de seus filhos.<\/p>\n<p>As necessidades e a vontade de se superar, levam Ana a buscar outro trabalho. Sua falta de experi\u00eancia, e sua educa\u00e7\u00e3o prec\u00e1ria complicam o processo de ela encontrar um trabalho est\u00e1vel. Mas o destino tem algo preparado a ela: por uma confus\u00e3o, Ana termina chegando \u00e0 mans\u00e3o Lascur\u00e1in sem saber que l\u00e1 encontrar\u00e1 tudo o que sempre sonhou.<\/p>\n","protected":false},"excerpt":{"rendered":"<p>Resumo da novela \u201cMeu Cora\u00e7\u00e3o \u00e9 Teu\u201d em 03\/03 no cap\u00edtulo 087(*) da novela, ter\u00e7a-feira, 03 de mar\u00e7o, Os Lascurain est\u00e3o comovidos com a surpresa que Ana receber\u00e1, cada uma das sete crian\u00e7as sente um pouco da emo\u00e7\u00e3o que Ana ir\u00e1 viver e acabam se lembrando da m\u00e3e. Fernando usa um microfone para dizer \u00e0 [&hellip;]<\/p>\n","protected":false},"author":4,"featured_media":183928,"comment_status":"open","ping_status":"closed","sticky":false,"template":"","format":"standard","meta":{"tdm_status":"","tdm_grid_status":"","footnotes":""},"categories":[379,372,343],"tags":[441],"class_list":{"0":"post-189511","1":"post","2":"type-post","3":"status-publish","4":"format-standard","5":"has-post-thumbnail","7":"category-novelas","8":"category-sbt","9":"category-televisao","10":"tag-resumo-do-dia"},"_links":{"self":[{"href":"https:\/\/migracao.redenoticia.com.br\/noticia\/wp-json\/wp\/v2\/posts\/189511","targetHints":{"allow":["GET"]}}],"collection":[{"href":"https:\/\/migracao.redenoticia.com.br\/noticia\/wp-json\/wp\/v2\/posts"}],"about":[{"href":"https:\/\/migracao.redenoticia.com.br\/noticia\/wp-json\/wp\/v2\/types\/post"}],"author":[{"embeddable":true,"href":"https:\/\/migracao.redenoticia.com.br\/noticia\/wp-json\/wp\/v2\/users\/4"}],"replies":[{"embeddable":true,"href":"https:\/\/migracao.redenoticia.com.br\/noticia\/wp-json\/wp\/v2\/comments?post=189511"}],"version-history":[{"count":0,"href":"https:\/\/migracao.redenoticia.com.br\/noticia\/wp-json\/wp\/v2\/posts\/189511\/revisions"}],"wp:featuredmedia":[{"embeddable":true,"href":"https:\/\/migracao.redenoticia.com.br\/noticia\/wp-json\/wp\/v2\/media\/183928"}],"wp:attachment":[{"href":"https:\/\/migracao.redenoticia.com.br\/noticia\/wp-json\/wp\/v2\/media?parent=189511"}],"wp:term":[{"taxonomy":"category","embeddable":true,"href":"https:\/\/migracao.redenoticia.com.br\/noticia\/wp-json\/wp\/v2\/categories?post=189511"},{"taxonomy":"post_tag","embeddable":true,"href":"https:\/\/migracao.redenoticia.com.br\/noticia\/wp-json\/wp\/v2\/tags?post=189511"}],"curies":[{"name":"wp","href":"https:\/\/api.w.org\/{rel}","templated":true}]}}