{"id":189523,"date":"2020-03-02T12:14:37","date_gmt":"2020-03-02T15:14:37","guid":{"rendered":"https:\/\/www.redenoticia.com.br\/noticia\/?p=189523"},"modified":"2020-03-02T12:14:37","modified_gmt":"2020-03-02T15:14:37","slug":"resumo-novela-salve-se-quem-puder-03-03-alexia-garante-a-rafael-que-pode-trazer-kyra-do-mundo-dos-mortos","status":"publish","type":"post","link":"https:\/\/migracao.redenoticia.com.br\/noticia\/2020\/resumo-novela-salve-se-quem-puder-03-03-alexia-garante-a-rafael-que-pode-trazer-kyra-do-mundo-dos-mortos\/189523","title":{"rendered":"Resumo novela \u201cSalve-se Quem Puder\u201d 03\/03: Alexia garante a Rafael que pode trazer Kyra do mundo dos mortos"},"content":{"rendered":"<p><img loading=\"lazy\" decoding=\"async\" class=\"aligncenter size-large wp-image-186172\" src=\"https:\/\/migracao.redenoticia.com.br\/noticia\/imagens\/salve-se-quem-puder-323x300.jpg\" alt=\"\" width=\"323\" height=\"300\" srcset=\"https:\/\/migracao.redenoticia.com.br\/noticia\/imagens\/salve-se-quem-puder-323x300.jpg 323w, https:\/\/migracao.redenoticia.com.br\/noticia\/imagens\/salve-se-quem-puder-202x187.jpg 202w, https:\/\/migracao.redenoticia.com.br\/noticia\/imagens\/salve-se-quem-puder-151x140.jpg 151w, https:\/\/migracao.redenoticia.com.br\/noticia\/imagens\/salve-se-quem-puder-92x85.jpg 92w, https:\/\/migracao.redenoticia.com.br\/noticia\/imagens\/salve-se-quem-puder.jpg 566w\" sizes=\"auto, (max-width: 323px) 100vw, 323px\" \/><\/p>\n<p><em><strong>Resumo novela \u201cSalve-se Quem Puder\u201d 03\/03<\/strong><\/em>: no cap\u00edtulo 032(*) da novela, ter\u00e7a-feira, 03 de mar\u00e7o, Ermelinda demonstra n\u00e3o gostar da ideia de Zezinho namorar Alexia. \u00darsula pede perd\u00e3o a T\u00e9o e promete n\u00e3o implicar mais com Luna\/Fiona. Kyra\/Cleyde n\u00e3o consegue escapar da viagem com Alan e os filhos para o Rio de Janeiro. Dominique amea\u00e7a L\u00facia quando Renzo diz que n\u00e3o trabalhar\u00e1 mais com ela. Alexia\/Josimara garante a Rafael que pode trazer Kyra do mundo dos mortos.<\/p>\n<p>Renzo diz a L\u00facia que Dominique n\u00e3o pode saber que ele \u00e9 s\u00f3cio de Rafael. Luna\/Fiona sugere a T\u00e9o que crie um blog sobre as viagens que fez. Petra n\u00e3o consegue decorar os textos para a grava\u00e7\u00e3o da novela. Ermelinda concorda em ajudar Luna no plano para unir Zezinho e Alexia. Alexia se surpreende quando Zezinho afirma que voltar\u00e1 para Judas do Norte para esquec\u00ea-la.<\/p>\n<p>(*) edi\u00e7\u00e3o da Rede Globo, Novela \u201cSalve-se Quem Puder\u201d, sujeito a altera\u00e7\u00e3o de data e conte\u00fado.<\/p>\n<p>Sinopse \u201cSalve-se Quem Puder\u201d: Tr\u00eas mulheres com novas identidades e uma \u00fanica certeza: suas vidas est\u00e3o entrela\u00e7adas para sempre. Salve-se Quem Puder conta a hist\u00f3ria de Alexia (Deborah Secco), Luna (Juliana Paiva) e Kyra (Vit\u00f3ria Strada), que ingressam no Programa de Prote\u00e7\u00e3o \u00e0 Testemunha e mudam de vida ap\u00f3s presenciarem um crime. Para sobreviver, elas mudam o nome, a apar\u00eancia, o estilo de vida e v\u00e3o morar na fict\u00edcia Judas do Norte, no interior de S\u00e3o Paulo, depois que s\u00e3o dadas como mortas.<\/p>\n<p>Alexia vira Josimara, Luna assume o nome de Fiona e Kyra \u00e9 Cleyde, novas pessoas com um padr\u00e3o de vida bem diferente. Elas ser\u00e3o acolhidas por uma fam\u00edlia protetora &#8211; que n\u00e3o sabe nada sobre o passado delas &#8211; e v\u00e3o precisar seguir regras r\u00edgidas para permanecerem no programa. A primeira delas \u00e9 a interrup\u00e7\u00e3o imediata de qualquer tipo de contato com conhecidos, por isso, celulares e rede sociais s\u00e3o proibidos, assim como frequentar os mesmos lugares e cultivar h\u00e1bitos do passado.<\/p>\n","protected":false},"excerpt":{"rendered":"<p>Resumo novela \u201cSalve-se Quem Puder\u201d 03\/03: no cap\u00edtulo 032(*) da novela, ter\u00e7a-feira, 03 de mar\u00e7o, Ermelinda demonstra n\u00e3o gostar da ideia de Zezinho namorar Alexia. \u00darsula pede perd\u00e3o a T\u00e9o e promete n\u00e3o implicar mais com Luna\/Fiona. Kyra\/Cleyde n\u00e3o consegue escapar da viagem com Alan e os filhos para o Rio de Janeiro. Dominique amea\u00e7a [&hellip;]<\/p>\n","protected":false},"author":4,"featured_media":187396,"comment_status":"open","ping_status":"closed","sticky":false,"template":"","format":"standard","meta":{"tdm_status":"","tdm_grid_status":"","footnotes":""},"categories":[379,375,553,343],"tags":[441],"class_list":{"0":"post-189523","1":"post","2":"type-post","3":"status-publish","4":"format-standard","5":"has-post-thumbnail","7":"category-novelas","8":"category-rede-globo","9":"category-salve-se-quem-puder","10":"category-televisao","11":"tag-resumo-do-dia"},"_links":{"self":[{"href":"https:\/\/migracao.redenoticia.com.br\/noticia\/wp-json\/wp\/v2\/posts\/189523","targetHints":{"allow":["GET"]}}],"collection":[{"href":"https:\/\/migracao.redenoticia.com.br\/noticia\/wp-json\/wp\/v2\/posts"}],"about":[{"href":"https:\/\/migracao.redenoticia.com.br\/noticia\/wp-json\/wp\/v2\/types\/post"}],"author":[{"embeddable":true,"href":"https:\/\/migracao.redenoticia.com.br\/noticia\/wp-json\/wp\/v2\/users\/4"}],"replies":[{"embeddable":true,"href":"https:\/\/migracao.redenoticia.com.br\/noticia\/wp-json\/wp\/v2\/comments?post=189523"}],"version-history":[{"count":0,"href":"https:\/\/migracao.redenoticia.com.br\/noticia\/wp-json\/wp\/v2\/posts\/189523\/revisions"}],"wp:featuredmedia":[{"embeddable":true,"href":"https:\/\/migracao.redenoticia.com.br\/noticia\/wp-json\/wp\/v2\/media\/187396"}],"wp:attachment":[{"href":"https:\/\/migracao.redenoticia.com.br\/noticia\/wp-json\/wp\/v2\/media?parent=189523"}],"wp:term":[{"taxonomy":"category","embeddable":true,"href":"https:\/\/migracao.redenoticia.com.br\/noticia\/wp-json\/wp\/v2\/categories?post=189523"},{"taxonomy":"post_tag","embeddable":true,"href":"https:\/\/migracao.redenoticia.com.br\/noticia\/wp-json\/wp\/v2\/tags?post=189523"}],"curies":[{"name":"wp","href":"https:\/\/api.w.org\/{rel}","templated":true}]}}