{"id":18953,"date":"2009-12-02T14:37:40","date_gmt":"2009-12-02T18:37:40","guid":{"rendered":"http:\/\/www.redenoticia.com.br\/noticia\/?p=18953"},"modified":"2009-12-02T15:25:47","modified_gmt":"2009-12-02T19:25:47","slug":"lucio-albuquerque-e-o-novo-presidente-da-academia-de-letras-de-rondonia","status":"publish","type":"post","link":"https:\/\/migracao.redenoticia.com.br\/noticia\/2009\/lucio-albuquerque-e-o-novo-presidente-da-academia-de-letras-de-rondonia\/18953","title":{"rendered":"Lucio Albuquerque \u00e9 o novo Presidente da Academia de Letras de Rond\u00f4nia"},"content":{"rendered":"<p><img loading=\"lazy\" decoding=\"async\" class=\"alignleft size-full wp-image-19005\" title=\"Jornalista L\u00facio Albuquerque Presidente da Academia de Letras de Rond\u00f4nia\" src=\"https:\/\/migracao.redenoticia.com.br\/noticia\/imagens\/Jornalista-L\u00facio-Albuquerque-Presidente-da-Academia-de-Letras-de-Rond\u00f4nia.jpg\" alt=\"Jornalista L\u00facio Albuquerque Presidente da Academia de Letras de Rond\u00f4nia\" width=\"300\" height=\"305\" srcset=\"https:\/\/migracao.redenoticia.com.br\/noticia\/imagens\/Jornalista-L\u00facio-Albuquerque-Presidente-da-Academia-de-Letras-de-Rond\u00f4nia.jpg 300w, https:\/\/migracao.redenoticia.com.br\/noticia\/imagens\/Jornalista-L\u00facio-Albuquerque-Presidente-da-Academia-de-Letras-de-Rond\u00f4nia-110x112.jpg 110w, https:\/\/migracao.redenoticia.com.br\/noticia\/imagens\/Jornalista-L\u00facio-Albuquerque-Presidente-da-Academia-de-Letras-de-Rond\u00f4nia-183x187.jpg 183w, https:\/\/migracao.redenoticia.com.br\/noticia\/imagens\/Jornalista-L\u00facio-Albuquerque-Presidente-da-Academia-de-Letras-de-Rond\u00f4nia-295x300.jpg 295w\" sizes=\"auto, (max-width: 300px) 100vw, 300px\" \/>Em Sess\u00e3o ocorrida nesse 1 de dezembro, a <strong>Academia de Letras de Rond\u00f4nia<\/strong> realizou elei\u00e7\u00e3o da nova Diretoria e do Conselho Fiscal para o Bi\u00eanio 2010\/2011.<\/p>\n<p>Na oportunidade, foi eleito o Acad\u00eamico Jos\u00e9 L\u00facio Cavalcante de Albuquerque, que ir\u00e1 presidir a maior institui\u00e7\u00e3o liter\u00e1ria do Estado nos dois pr\u00f3ximos anos.<\/p>\n<p>Al\u00e9m do Presidente, foram eleitos: Dante Ribeiro da Fonseca 1o. Vice-Presidente, Ant\u00f4nio Serafim da Silva, Segundo Vice-Presidente, Pedro Albino de Aguiar, Secret\u00e1rio Geral, Eunice Bueno Silva e Souza, segundo Secret\u00e1rio Geral<\/p>\n<p>Para o Conselho Fiscal, membros efetivos e suplentes, foram eleitos os Acad\u00eamiccos: Abnael Machado de Lima, Yedda Borzacov, Matias Mendes, Samuel Castiel, Viriato Moura e Raimundo Neves<\/p>\n<p>A nova Diretoria e o Conselho Fiscal foram empossados ap\u00f3s a elei\u00e7\u00e3o pela Comiss\u00e3o Eleitoral, formada pelos Acad\u00eamicos Gesson \u00c1lvares Magalh\u00e3es e Heinz Roland Jakobi<\/p>\n<p>Encerrada a elei\u00e7\u00e3o, o ex-Presidente, poeta e escritor Jos\u00e9 Valdir Pereira fez discurso expondo o trabalho que desenvolveu na sua gest\u00e3o 2008\/2009.<\/p>\n<p>O novo Presidente, escritor e jornalista L\u00facio Albuquerque, no seu discurso apresentou suas metas e os objetivos que v\u00e3o consubstanciar sua gest\u00e3o no bi\u00eanio 2010\/2011.<\/p>\n<p>Em nome dos Acad\u00eamicos, G\u00e9sson \u00c1lvares Magalh\u00e3es, um dos fundadores da Academia, fez discurso agradecendo o trabalho realizado pelo Presidente que saiu e deu boas vindas ao novo Presidente.<\/p>\n","protected":false},"excerpt":{"rendered":"<p>Em Sess\u00e3o ocorrida nesse 1 de dezembro, a Academia de Letras de Rond\u00f4nia realizou elei\u00e7\u00e3o da nova Diretoria e do Conselho Fiscal para o Bi\u00eanio 2010\/2011. Na oportunidade, foi eleito o Acad\u00eamico Jos\u00e9 L\u00facio Cavalcante de Albuquerque, que ir\u00e1 presidir a maior institui\u00e7\u00e3o liter\u00e1ria do Estado nos dois pr\u00f3ximos anos. Al\u00e9m do Presidente, foram eleitos: [&hellip;]<\/p>\n","protected":false},"author":2,"featured_media":0,"comment_status":"open","ping_status":"open","sticky":false,"template":"","format":"standard","meta":{"tdm_status":"","tdm_grid_status":"","footnotes":""},"categories":[22],"tags":[],"class_list":{"0":"post-18953","1":"post","2":"type-post","3":"status-publish","4":"format-standard","6":"category-brasil"},"_links":{"self":[{"href":"https:\/\/migracao.redenoticia.com.br\/noticia\/wp-json\/wp\/v2\/posts\/18953","targetHints":{"allow":["GET"]}}],"collection":[{"href":"https:\/\/migracao.redenoticia.com.br\/noticia\/wp-json\/wp\/v2\/posts"}],"about":[{"href":"https:\/\/migracao.redenoticia.com.br\/noticia\/wp-json\/wp\/v2\/types\/post"}],"author":[{"embeddable":true,"href":"https:\/\/migracao.redenoticia.com.br\/noticia\/wp-json\/wp\/v2\/users\/2"}],"replies":[{"embeddable":true,"href":"https:\/\/migracao.redenoticia.com.br\/noticia\/wp-json\/wp\/v2\/comments?post=18953"}],"version-history":[{"count":0,"href":"https:\/\/migracao.redenoticia.com.br\/noticia\/wp-json\/wp\/v2\/posts\/18953\/revisions"}],"wp:attachment":[{"href":"https:\/\/migracao.redenoticia.com.br\/noticia\/wp-json\/wp\/v2\/media?parent=18953"}],"wp:term":[{"taxonomy":"category","embeddable":true,"href":"https:\/\/migracao.redenoticia.com.br\/noticia\/wp-json\/wp\/v2\/categories?post=18953"},{"taxonomy":"post_tag","embeddable":true,"href":"https:\/\/migracao.redenoticia.com.br\/noticia\/wp-json\/wp\/v2\/tags?post=18953"}],"curies":[{"name":"wp","href":"https:\/\/api.w.org\/{rel}","templated":true}]}}