{"id":189566,"date":"2020-03-03T21:26:14","date_gmt":"2020-03-04T00:26:14","guid":{"rendered":"https:\/\/www.redenoticia.com.br\/noticia\/?p=189566"},"modified":"2020-03-03T21:34:02","modified_gmt":"2020-03-04T00:34:02","slug":"novela-salve-se-quem-puder-luna-sofre-com-sentimento-por-teo","status":"publish","type":"post","link":"https:\/\/migracao.redenoticia.com.br\/noticia\/2020\/novela-salve-se-quem-puder-luna-sofre-com-sentimento-por-teo\/189566","title":{"rendered":"Novela \u201cSalve-se Quem Puder\u201d: Luna sofre com sentimento por T\u00e9o"},"content":{"rendered":"<p><img loading=\"lazy\" decoding=\"async\" src=\"https:\/\/migracao.redenoticia.com.br\/noticia\/imagens\/salve-se-quem-puder-logo-400x225.jpg\" alt=\"\" width=\"400\" height=\"225\" class=\"aligncenter size-large wp-image-187396\" srcset=\"https:\/\/migracao.redenoticia.com.br\/noticia\/imagens\/salve-se-quem-puder-logo-400x225.jpg 400w, https:\/\/migracao.redenoticia.com.br\/noticia\/imagens\/salve-se-quem-puder-logo-250x140.jpg 250w, https:\/\/migracao.redenoticia.com.br\/noticia\/imagens\/salve-se-quem-puder-logo-768x432.jpg 768w, https:\/\/migracao.redenoticia.com.br\/noticia\/imagens\/salve-se-quem-puder-logo-150x85.jpg 150w, https:\/\/migracao.redenoticia.com.br\/noticia\/imagens\/salve-se-quem-puder-logo-696x391.jpg 696w, https:\/\/migracao.redenoticia.com.br\/noticia\/imagens\/salve-se-quem-puder-logo.jpg 900w\" sizes=\"auto, (max-width: 400px) 100vw, 400px\" \/> <strong><em>Novela \u201cSalve-se Quem Puder\u201d:<\/em><\/strong> T\u00e9o (Felipe Simas) beija Luna\/Fiona (Juliana Paiva) e ela sente atra\u00e7\u00e3o por ele. T\u00e9o decide pedi-la em namoro e terminar seu relacionamento com \u00darsula (Aline Dias). O rapaz marca um encontro especial e Luna desclarece: &#8220;&#8230; o que aconteceu naquele dia&#8230; N\u00e3o pode mais se repetir&#8221;. Ela revela que tem namorado e T\u00e9o fica arrasado. <\/p>\n<p>Logo depois, Kyra\/Cleyde (Vit\u00f3ria Strada) questiona a amiga: &#8220;Mas vem c\u00e1. J\u00e1 que c\u00ea detesta mentir, me diz uma coisa. O que voc\u00ea queria&#8230; No fundo, no fundo, o que a Luna queria fazer?&#8221;. Luna admite: &#8220;Beijar o T\u00e9o foi t\u00e3o bom. E ele salvou a minha vida. O T\u00e9o n\u00e3o sabe disso, mas&#8230; Aquele momento, o que ele fez por mim criou uma conex\u00e3o entre a gente. M\u00e1gica! Mas eu n\u00e3o posso. \u00c9 muito arriscado &#8230; disse que tinha um namorado longe pro T\u00e9o parar de insistir &#8230; Eu n\u00e3o posso abandonar a recupera\u00e7\u00e3o do T\u00e9o. Eu devo isso a ele. Foi ele que salvou a minha vida no furac\u00e3o. Eu juro que vou me policiar&#8221;. Cena prevista para dia 10 de mar\u00e7o na novela \u201cSalve-se Quem Puder\u201d.<\/p>\n<p>\u201cSalve-se Quem Puder\u201d: Tr\u00eas mulheres com novas identidades e uma \u00fanica certeza: suas vidas est\u00e3o entrela\u00e7adas para sempre. Salve-se Quem Puder conta a hist\u00f3ria de Alexia (Deborah Secco), Luna (Juliana Paiva) e Kyra (Vit\u00f3ria Strada), que ingressam no Programa de Prote\u00e7\u00e3o \u00e0 Testemunha e mudam de vida ap\u00f3s presenciarem um crime. Para sobreviver, elas mudam o nome, a apar\u00eancia, o estilo de vida e v\u00e3o morar na fict\u00edcia Judas do Norte, no interior de S\u00e3o Paulo, depois que s\u00e3o dadas como mortas.<\/p>\n<p>Alexia vira Josimara, Luna assume o nome de Fiona e Kyra \u00e9 Cleyde, novas pessoas com um padr\u00e3o de vida bem diferente. Elas ser\u00e3o acolhidas por uma fam\u00edlia protetora &#8211; que n\u00e3o sabe nada sobre o passado delas &#8211; e v\u00e3o precisar seguir regras r\u00edgidas para permanecerem no programa. A primeira delas \u00e9 a interrup\u00e7\u00e3o imediata de qualquer tipo de contato com conhecidos, por isso, celulares e rede sociais s\u00e3o proibidos, assim como frequentar os mesmos lugares e cultivar h\u00e1bitos do passado. <\/p>\n","protected":false},"excerpt":{"rendered":"<p>Novela \u201cSalve-se Quem Puder\u201d: T\u00e9o (Felipe Simas) beija Luna\/Fiona (Juliana Paiva) e ela sente atra\u00e7\u00e3o por ele. T\u00e9o decide pedi-la em namoro e terminar seu relacionamento com \u00darsula (Aline Dias). O rapaz marca um encontro especial e Luna desclarece: &#8220;&#8230; o que aconteceu naquele dia&#8230; N\u00e3o pode mais se repetir&#8221;. Ela revela que tem namorado [&hellip;]<\/p>\n","protected":false},"author":5,"featured_media":186173,"comment_status":"open","ping_status":"closed","sticky":false,"template":"","format":"standard","meta":{"tdm_status":"","tdm_grid_status":"","footnotes":""},"categories":[388,379,375,553,343],"tags":[440],"class_list":{"0":"post-189566","1":"post","2":"type-post","3":"status-publish","4":"format-standard","5":"has-post-thumbnail","7":"category-destaques","8":"category-novelas","9":"category-rede-globo","10":"category-salve-se-quem-puder","11":"category-televisao","12":"tag-noticia-novela"},"_links":{"self":[{"href":"https:\/\/migracao.redenoticia.com.br\/noticia\/wp-json\/wp\/v2\/posts\/189566","targetHints":{"allow":["GET"]}}],"collection":[{"href":"https:\/\/migracao.redenoticia.com.br\/noticia\/wp-json\/wp\/v2\/posts"}],"about":[{"href":"https:\/\/migracao.redenoticia.com.br\/noticia\/wp-json\/wp\/v2\/types\/post"}],"author":[{"embeddable":true,"href":"https:\/\/migracao.redenoticia.com.br\/noticia\/wp-json\/wp\/v2\/users\/5"}],"replies":[{"embeddable":true,"href":"https:\/\/migracao.redenoticia.com.br\/noticia\/wp-json\/wp\/v2\/comments?post=189566"}],"version-history":[{"count":0,"href":"https:\/\/migracao.redenoticia.com.br\/noticia\/wp-json\/wp\/v2\/posts\/189566\/revisions"}],"wp:featuredmedia":[{"embeddable":true,"href":"https:\/\/migracao.redenoticia.com.br\/noticia\/wp-json\/wp\/v2\/media\/186173"}],"wp:attachment":[{"href":"https:\/\/migracao.redenoticia.com.br\/noticia\/wp-json\/wp\/v2\/media?parent=189566"}],"wp:term":[{"taxonomy":"category","embeddable":true,"href":"https:\/\/migracao.redenoticia.com.br\/noticia\/wp-json\/wp\/v2\/categories?post=189566"},{"taxonomy":"post_tag","embeddable":true,"href":"https:\/\/migracao.redenoticia.com.br\/noticia\/wp-json\/wp\/v2\/tags?post=189566"}],"curies":[{"name":"wp","href":"https:\/\/api.w.org\/{rel}","templated":true}]}}