{"id":18960,"date":"2009-12-02T14:46:24","date_gmt":"2009-12-02T18:46:24","guid":{"rendered":"http:\/\/www.redenoticia.com.br\/noticia\/?p=18960"},"modified":"2009-12-02T14:46:24","modified_gmt":"2009-12-02T18:46:24","slug":"estudantes-de-lem-participam-do-encerramento-do-projeto-renasce-o-cerrado","status":"publish","type":"post","link":"https:\/\/migracao.redenoticia.com.br\/noticia\/2009\/estudantes-de-lem-participam-do-encerramento-do-projeto-renasce-o-cerrado\/18960","title":{"rendered":"Estudantes de LEM participam do encerramento do Projeto Renasce o Cerrado"},"content":{"rendered":"<p>Alunos da Escola Municipal S\u00e3o Paulo, localizada na zona rural, no povoado do Novo Paran\u00e1, conclu\u00edram as atividades do Projeto Renasce o Cerrado, produzido pelo Parque Fioravante Galvani. Participaram das atividades 350 estudantes da pr\u00e9-escola at\u00e9 o EJA (Educa\u00e7\u00e3o para Jovens e Adultos) e 15 professores.<\/p>\n<p>No encerramento, os estudantes apresentaram pe\u00e7as teatrais, jogos, produ\u00e7\u00f5es textuais e uma grande exposi\u00e7\u00e3o, al\u00e9m das apresenta\u00e7\u00f5es art\u00edsticas de m\u00fasica e dan\u00e7a. Ao final, foi realizado o plantio na escola e distribui\u00e7\u00e3o de mudas de esp\u00e9cies nativas para a comunidade.<\/p>\n<p>O Projeto Renasce o Cerrado tem como objetivo estimular a pr\u00e1tica da educa\u00e7\u00e3o ambiental por meio de v\u00e1rias estrat\u00e9gias, entre elas, visitas monitoradas de todos os estudantes ao Parque Fioravante Galvani. Assim, o projeto estimula os estudantes a realizar um diagn\u00f3stico dos problemas presentes na comunidade e na escola. A partir desta avalia\u00e7\u00e3o os alunos prepararam planos de interven\u00e7\u00e3o nesta realidade, para contribu\u00edrem com o local em que vivem.<\/p>\n<p>Ao longo do ano, o N\u00facleo de Educa\u00e7\u00e3o Ambiental do Parque, al\u00e9m de acompanhar o planejamento e o desenvolvimento das atividades na escola, oferece aos professores oficinas de Arte-Educa\u00e7\u00e3o Ambiental.<\/p>\n<p>&#8220;Em 2010, trabalharemos para que o Projeto Renasce o Cerrado seja levado para outra escola municipal de Lu\u00eds Eduardo Magalh\u00e3es. Nossa inten\u00e7\u00e3o \u00e9 formar uma rede que alcance a cidade como um todo&#8221;, afirma a Coordenadora do Parque, Mari\u00e2ngela Pinho.<\/p>\n<p>Atua\u00e7\u00e3o social<\/p>\n<p>A preocupa\u00e7\u00e3o da Galvani vai al\u00e9m da produ\u00e7\u00e3o de fertilizantes. Para fortalecer o relacionamento com as comunidades onde atua, a empresa busca constantemente ampliar seu envolvimento com a sociedade por meio de a\u00e7\u00f5es de incentivo a projetos que resgatam a cultura brasileira e as voca\u00e7\u00f5es locais.<\/p>\n<p>Em 2003, criou o Instituto Lina Galvani para contribuir com o crescimento sustent\u00e1vel das localidades onde est\u00e1 presente. O Instituto desenvolve e coordena projetos voltados \u00e0 realidade de cada comunidade, tendo a educa\u00e7\u00e3o como principal agente transformador.<\/p>\n<p>Atualmente desenvolve os projetos Programa Servindo na capital paulista, Conhecendo uma Empresa e Viva Betel em Paul\u00ednia (SP) e o Parque Fioravante Galvani em Lu\u00eds Eduardo Magalh\u00e3es (BA).<\/p>\n","protected":false},"excerpt":{"rendered":"<p>Alunos da Escola Municipal S\u00e3o Paulo, localizada na zona rural, no povoado do Novo Paran\u00e1, conclu\u00edram as atividades do Projeto Renasce o Cerrado, produzido pelo Parque Fioravante Galvani. Participaram das atividades 350 estudantes da pr\u00e9-escola at\u00e9 o EJA (Educa\u00e7\u00e3o para Jovens e Adultos) e 15 professores. No encerramento, os estudantes apresentaram pe\u00e7as teatrais, jogos, produ\u00e7\u00f5es [&hellip;]<\/p>\n","protected":false},"author":2,"featured_media":0,"comment_status":"open","ping_status":"open","sticky":false,"template":"","format":"standard","meta":{"tdm_status":"","tdm_grid_status":"","footnotes":""},"categories":[22],"tags":[],"class_list":{"0":"post-18960","1":"post","2":"type-post","3":"status-publish","4":"format-standard","6":"category-brasil"},"_links":{"self":[{"href":"https:\/\/migracao.redenoticia.com.br\/noticia\/wp-json\/wp\/v2\/posts\/18960","targetHints":{"allow":["GET"]}}],"collection":[{"href":"https:\/\/migracao.redenoticia.com.br\/noticia\/wp-json\/wp\/v2\/posts"}],"about":[{"href":"https:\/\/migracao.redenoticia.com.br\/noticia\/wp-json\/wp\/v2\/types\/post"}],"author":[{"embeddable":true,"href":"https:\/\/migracao.redenoticia.com.br\/noticia\/wp-json\/wp\/v2\/users\/2"}],"replies":[{"embeddable":true,"href":"https:\/\/migracao.redenoticia.com.br\/noticia\/wp-json\/wp\/v2\/comments?post=18960"}],"version-history":[{"count":0,"href":"https:\/\/migracao.redenoticia.com.br\/noticia\/wp-json\/wp\/v2\/posts\/18960\/revisions"}],"wp:attachment":[{"href":"https:\/\/migracao.redenoticia.com.br\/noticia\/wp-json\/wp\/v2\/media?parent=18960"}],"wp:term":[{"taxonomy":"category","embeddable":true,"href":"https:\/\/migracao.redenoticia.com.br\/noticia\/wp-json\/wp\/v2\/categories?post=18960"},{"taxonomy":"post_tag","embeddable":true,"href":"https:\/\/migracao.redenoticia.com.br\/noticia\/wp-json\/wp\/v2\/tags?post=18960"}],"curies":[{"name":"wp","href":"https:\/\/api.w.org\/{rel}","templated":true}]}}