{"id":189632,"date":"2020-03-04T11:38:33","date_gmt":"2020-03-04T14:38:33","guid":{"rendered":"https:\/\/www.redenoticia.com.br\/noticia\/?p=189632"},"modified":"2020-03-04T11:38:33","modified_gmt":"2020-03-04T14:38:33","slug":"resumo-novela-cumplices-de-um-resgate-05-03-isabela-manuela-ve-geraldo-no-vilarejo","status":"publish","type":"post","link":"https:\/\/migracao.redenoticia.com.br\/noticia\/2020\/resumo-novela-cumplices-de-um-resgate-05-03-isabela-manuela-ve-geraldo-no-vilarejo\/189632","title":{"rendered":"Resumo novela \u201cC\u00famplices de um Resgate\u201d 05\/03: Isabela\/Manuela v\u00ea Geraldo no vilarejo"},"content":{"rendered":"<p><img loading=\"lazy\" decoding=\"async\" class=\"aligncenter size-large wp-image-164526\" src=\"https:\/\/migracao.redenoticia.com.br\/noticia\/imagens\/cumplices-de-um-resgate-001-316x300.jpg\" alt=\"\" width=\"316\" height=\"300\" srcset=\"https:\/\/migracao.redenoticia.com.br\/noticia\/imagens\/cumplices-de-um-resgate-001-316x300.jpg 316w, https:\/\/migracao.redenoticia.com.br\/noticia\/imagens\/cumplices-de-um-resgate-001-197x187.jpg 197w, https:\/\/migracao.redenoticia.com.br\/noticia\/imagens\/cumplices-de-um-resgate-001-150x143.jpg 150w, https:\/\/migracao.redenoticia.com.br\/noticia\/imagens\/cumplices-de-um-resgate-001.jpg 526w\" sizes=\"auto, (max-width: 316px) 100vw, 316px\" \/><\/p>\n<p><strong><em>Resumo novela \u201cC\u00famplices de um Resgate\u201d 05\/03<\/em><\/strong>: no cap\u00edtulo 305(*) da novela, quinta-feira, 05 de mar\u00e7o, Priscila quer sair da banda C1R. Omar se veste como o pai e diz que \u00e9 o novo dono do haras. O garoto usa um chicote para falar com Flora e Nair. Gemima tira Flavia do projeto com as crian\u00e7as da igreja evang\u00e9lica sem avisar o pastor. Rebeca e Ot\u00e1vio seguem o passeio tur\u00edstico por Santos. Rebeca imagina estar dan\u00e7ando tango com o noivo. Sandro comemora que Laura est\u00e1 namorando com ele. Navarro e Vargas pensam em atrapalhar o romance dos dois.<\/p>\n<p>Sabrina vai at\u00e9 a casa de Manuela e diz que ir\u00e1 dormir com ela. A banda C1R vai at\u00e9 a casa de Priscila para pedir para que ela volte para a banda. Tomas conta para Ta\u00edsa que Frederico nunca gostou dela, apenas lhe usou para fazer ci\u00fame em Lurdinha. Priscila promete pensar se volta ou n\u00e3o para a banda. Geraldo vai atr\u00e1s de Joel no haras.<\/p>\n<p>Ot\u00e1vio e Rebeca voltam da viagem. Frederico conta para Rebeca que Safira possui uma filha e que sempre escondeu isso de todos. Omar humilha D\u00f3ris e Mateus por conta dos sapatos velhos. Regina diz para Joaquim desistir de Isabela, sen\u00e3o ir\u00e1 sobrar para ele. Geraldo passa por Isabela, que finge ser Manuela no vilarejo. A garota fica pensativa.<\/p>\n<p>(*) edi\u00e7\u00e3o do SBT, Novela \u201cC\u00famplices de um Resgate\u201d, sujeito a altera\u00e7\u00e3o de data e conte\u00fado.<\/p>\n<p>\u201cC\u00famplices de um Resgate\u201d &#8211; Duas irm\u00e3s g\u00eameas univitelinas que foram separadas ap\u00f3s nascimento, se reencontram somente ap\u00f3s doze anos. Manuela, uma das g\u00eameas, \u00e9 doce, meiga, gentil, e muito talentosa para a m\u00fasica e tem uma voz encantadora. Vive uma vida feliz no Vilarejo dos Sonhos, onde mora com sua av\u00f3 Nina, sua tia Helena e sua m\u00e3e Rebeca, que d\u00e1 muito amor e carinho a filha por ela nunca ter tido um pai, e ela \u00e9 a m\u00e3e biol\u00f3gica das duas garotas, mas nunca soube que teve g\u00eameas.<\/p>\n","protected":false},"excerpt":{"rendered":"<p>Resumo novela \u201cC\u00famplices de um Resgate\u201d 05\/03: no cap\u00edtulo 305(*) da novela, quinta-feira, 05 de mar\u00e7o, Priscila quer sair da banda C1R. Omar se veste como o pai e diz que \u00e9 o novo dono do haras. O garoto usa um chicote para falar com Flora e Nair. Gemima tira Flavia do projeto com as [&hellip;]<\/p>\n","protected":false},"author":4,"featured_media":164526,"comment_status":"open","ping_status":"closed","sticky":false,"template":"","format":"standard","meta":{"tdm_status":"","tdm_grid_status":"","footnotes":""},"categories":[379,372,343],"tags":[441],"class_list":{"0":"post-189632","1":"post","2":"type-post","3":"status-publish","4":"format-standard","5":"has-post-thumbnail","7":"category-novelas","8":"category-sbt","9":"category-televisao","10":"tag-resumo-do-dia"},"_links":{"self":[{"href":"https:\/\/migracao.redenoticia.com.br\/noticia\/wp-json\/wp\/v2\/posts\/189632","targetHints":{"allow":["GET"]}}],"collection":[{"href":"https:\/\/migracao.redenoticia.com.br\/noticia\/wp-json\/wp\/v2\/posts"}],"about":[{"href":"https:\/\/migracao.redenoticia.com.br\/noticia\/wp-json\/wp\/v2\/types\/post"}],"author":[{"embeddable":true,"href":"https:\/\/migracao.redenoticia.com.br\/noticia\/wp-json\/wp\/v2\/users\/4"}],"replies":[{"embeddable":true,"href":"https:\/\/migracao.redenoticia.com.br\/noticia\/wp-json\/wp\/v2\/comments?post=189632"}],"version-history":[{"count":0,"href":"https:\/\/migracao.redenoticia.com.br\/noticia\/wp-json\/wp\/v2\/posts\/189632\/revisions"}],"wp:featuredmedia":[{"embeddable":true,"href":"https:\/\/migracao.redenoticia.com.br\/noticia\/wp-json\/wp\/v2\/media\/164526"}],"wp:attachment":[{"href":"https:\/\/migracao.redenoticia.com.br\/noticia\/wp-json\/wp\/v2\/media?parent=189632"}],"wp:term":[{"taxonomy":"category","embeddable":true,"href":"https:\/\/migracao.redenoticia.com.br\/noticia\/wp-json\/wp\/v2\/categories?post=189632"},{"taxonomy":"post_tag","embeddable":true,"href":"https:\/\/migracao.redenoticia.com.br\/noticia\/wp-json\/wp\/v2\/tags?post=189632"}],"curies":[{"name":"wp","href":"https:\/\/api.w.org\/{rel}","templated":true}]}}