{"id":189644,"date":"2020-03-04T16:16:56","date_gmt":"2020-03-04T19:16:56","guid":{"rendered":"https:\/\/www.redenoticia.com.br\/noticia\/?p=189644"},"modified":"2020-03-04T16:16:56","modified_gmt":"2020-03-04T19:16:56","slug":"novela-salve-se-quem-puder-ursula-agride-luna","status":"publish","type":"post","link":"https:\/\/migracao.redenoticia.com.br\/noticia\/2020\/novela-salve-se-quem-puder-ursula-agride-luna\/189644","title":{"rendered":"Novela \u201cSalve-se Quem Puder\u201d: \u00darsula agride Luna"},"content":{"rendered":"<p><img loading=\"lazy\" decoding=\"async\" src=\"https:\/\/migracao.redenoticia.com.br\/noticia\/imagens\/salve-se-quem-puder-logo-400x225.jpg\" alt=\"\" width=\"400\" height=\"225\" class=\"aligncenter size-large wp-image-187396\" srcset=\"https:\/\/migracao.redenoticia.com.br\/noticia\/imagens\/salve-se-quem-puder-logo-400x225.jpg 400w, https:\/\/migracao.redenoticia.com.br\/noticia\/imagens\/salve-se-quem-puder-logo-250x140.jpg 250w, https:\/\/migracao.redenoticia.com.br\/noticia\/imagens\/salve-se-quem-puder-logo-768x432.jpg 768w, https:\/\/migracao.redenoticia.com.br\/noticia\/imagens\/salve-se-quem-puder-logo-150x85.jpg 150w, https:\/\/migracao.redenoticia.com.br\/noticia\/imagens\/salve-se-quem-puder-logo-696x391.jpg 696w, https:\/\/migracao.redenoticia.com.br\/noticia\/imagens\/salve-se-quem-puder-logo.jpg 900w\" sizes=\"auto, (max-width: 400px) 100vw, 400px\" \/> <strong><em>Novela \u201cSalve-se Quem Puder\u201d:<\/em><\/strong> T\u00e9o (Felipe Simas) rompe com \u00darsula (Aline Dias), ela toma v\u00e1rios rem\u00e9dios, encontra Luna\/Fiona (Juliana Paiva) no restaurante e a joga em cima de uma mesa: &#8220;&#8230; Hoje \u00e9 o dia que eu acabo com voc\u00ea, sua vagabunda!&#8230; eu vou explicar pra todo mundo aqui entender o tipo de pessoa que voc\u00ea \u00e9! &#8230; O que t\u00e1 acontecendo, seu Baggio [Amauri Reis], \u00e9 que o senhor contratou uma vigarista pro seu restaurante! Isso mesmo, gente, uma vigarista de quinta! Com essa carinha de sonsa. Essa falsa entrou no Emp\u00f3rio com um plano! &#8230; N\u00e3o tenho nada pra conversar com voc\u00ea, garota! S\u00f3 vim te dar um aviso. C\u00ea pode ter enganado muita gente com esse seu jeitinho dissimulado, inclusive o T\u00e9o, mas a mim n\u00e3o! Eu sei muito bem que tipo de mulher voc\u00ea \u00e9! Conhe\u00e7o cheiro de vagabunda de longe!&#8221;.<\/p>\n<p>Luna perde a paci\u00eancia: &#8220;Chega! A senhora n\u00e3o pode me tratar desse jeito!&#8221;. Elas se agridem. Micaela (Sabrina Petraglia), Bruno (Marcos Pitombo) e Gael (Cirillo Luna) separam a briga. \u00darsula grita: &#8220;Me larga! Me solta! Seu Baggio, eu exijo que a Fiona seja demitida! Quero ela no olho da rua! Me solta! J\u00e1 mandei me soltar!&#8221;. Luna fica chocada. Cena prevista para dia 12 de mar\u00e7o na novela \u201cSalve-se Quem Puder\u201d.<\/p>\n<p>\u201cSalve-se Quem Puder\u201d: Tr\u00eas mulheres com novas identidades e uma \u00fanica certeza: suas vidas est\u00e3o entrela\u00e7adas para sempre. Salve-se Quem Puder conta a hist\u00f3ria de Alexia (Deborah Secco), Luna (Juliana Paiva) e Kyra (Vit\u00f3ria Strada), que ingressam no Programa de Prote\u00e7\u00e3o \u00e0 Testemunha e mudam de vida ap\u00f3s presenciarem um crime. Para sobreviver, elas mudam o nome, a apar\u00eancia, o estilo de vida e v\u00e3o morar na fict\u00edcia Judas do Norte, no interior de S\u00e3o Paulo, depois que s\u00e3o dadas como mortas.<\/p>\n<p>Alexia vira Josimara, Luna assume o nome de Fiona e Kyra \u00e9 Cleyde, novas pessoas com um padr\u00e3o de vida bem diferente. Elas ser\u00e3o acolhidas por uma fam\u00edlia protetora &#8211; que n\u00e3o sabe nada sobre o passado delas &#8211; e v\u00e3o precisar seguir regras r\u00edgidas para permanecerem no programa. A primeira delas \u00e9 a interrup\u00e7\u00e3o imediata de qualquer tipo de contato com conhecidos, por isso, celulares e rede sociais s\u00e3o proibidos, assim como frequentar os mesmos lugares e cultivar h\u00e1bitos do passado. <\/p>\n","protected":false},"excerpt":{"rendered":"<p>Novela \u201cSalve-se Quem Puder\u201d: T\u00e9o (Felipe Simas) rompe com \u00darsula (Aline Dias), ela toma v\u00e1rios rem\u00e9dios, encontra Luna\/Fiona (Juliana Paiva) no restaurante e a joga em cima de uma mesa: &#8220;&#8230; Hoje \u00e9 o dia que eu acabo com voc\u00ea, sua vagabunda!&#8230; eu vou explicar pra todo mundo aqui entender o tipo de pessoa que [&hellip;]<\/p>\n","protected":false},"author":5,"featured_media":186173,"comment_status":"open","ping_status":"closed","sticky":false,"template":"","format":"standard","meta":{"tdm_status":"","tdm_grid_status":"","footnotes":""},"categories":[388,379,375,553,343],"tags":[440],"class_list":{"0":"post-189644","1":"post","2":"type-post","3":"status-publish","4":"format-standard","5":"has-post-thumbnail","7":"category-destaques","8":"category-novelas","9":"category-rede-globo","10":"category-salve-se-quem-puder","11":"category-televisao","12":"tag-noticia-novela"},"_links":{"self":[{"href":"https:\/\/migracao.redenoticia.com.br\/noticia\/wp-json\/wp\/v2\/posts\/189644","targetHints":{"allow":["GET"]}}],"collection":[{"href":"https:\/\/migracao.redenoticia.com.br\/noticia\/wp-json\/wp\/v2\/posts"}],"about":[{"href":"https:\/\/migracao.redenoticia.com.br\/noticia\/wp-json\/wp\/v2\/types\/post"}],"author":[{"embeddable":true,"href":"https:\/\/migracao.redenoticia.com.br\/noticia\/wp-json\/wp\/v2\/users\/5"}],"replies":[{"embeddable":true,"href":"https:\/\/migracao.redenoticia.com.br\/noticia\/wp-json\/wp\/v2\/comments?post=189644"}],"version-history":[{"count":0,"href":"https:\/\/migracao.redenoticia.com.br\/noticia\/wp-json\/wp\/v2\/posts\/189644\/revisions"}],"wp:featuredmedia":[{"embeddable":true,"href":"https:\/\/migracao.redenoticia.com.br\/noticia\/wp-json\/wp\/v2\/media\/186173"}],"wp:attachment":[{"href":"https:\/\/migracao.redenoticia.com.br\/noticia\/wp-json\/wp\/v2\/media?parent=189644"}],"wp:term":[{"taxonomy":"category","embeddable":true,"href":"https:\/\/migracao.redenoticia.com.br\/noticia\/wp-json\/wp\/v2\/categories?post=189644"},{"taxonomy":"post_tag","embeddable":true,"href":"https:\/\/migracao.redenoticia.com.br\/noticia\/wp-json\/wp\/v2\/tags?post=189644"}],"curies":[{"name":"wp","href":"https:\/\/api.w.org\/{rel}","templated":true}]}}