{"id":1897,"date":"2009-05-22T21:38:12","date_gmt":"2009-05-23T01:38:12","guid":{"rendered":"http:\/\/www.redenoticia.com.br\/noticia\/?p=1897"},"modified":"2009-05-22T21:38:12","modified_gmt":"2009-05-23T01:38:12","slug":"academicos-de-ji-parana-percorrem-rio-machado-em-caiaques","status":"publish","type":"post","link":"https:\/\/migracao.redenoticia.com.br\/noticia\/2009\/academicos-de-ji-parana-percorrem-rio-machado-em-caiaques\/1897","title":{"rendered":"Acad\u00eamicos de Ji-Paran\u00e1 percorrem Rio Machado em caiaques"},"content":{"rendered":"<p class=\"MsoNormal\" style=\"margin-bottom: 3.75pt; line-height: 15.6pt;\"><span style=\"font-family: Arial;\"><a href=\"https:\/\/migracao.redenoticia.com.br\/noticia\/imagens\/\/machado.jpg\"><img loading=\"lazy\" decoding=\"async\" class=\"alignleft size-medium wp-image-1896\" title=\"machado\" src=\"https:\/\/migracao.redenoticia.com.br\/noticia\/imagens\/\/machado-249x187.jpg\" alt=\"machado\" width=\"249\" height=\"187\" \/><\/a>Os acad\u00eamicos do curso de Ci\u00eancias Biol\u00f3gicas do CEULJI\/ULBRA, disciplina de Ecologia Viva, em parceria com a ONG GARSA (Grupo Ambientalista Rio Machado e seus Afluentes), percorreram 17 km do Rio Machado em caiaques. <\/span><\/p>\n<p class=\"MsoNormal\" style=\"margin-bottom: 12pt; line-height: 15.6pt;\"><span style=\"font-family: Arial;\"><br \/>\nTodos\u00a0aperfei\u00e7oaram a t\u00e9cnica da canoagem por ser uma ferramenta \u00fatil para os estudos biol\u00f3gicos. Ela facilita a coleta da flora, a proximidade com a fauna e a limpeza dos rios atrav\u00e9s da coleta de lixo.<\/p>\n<p>Segundo a coordenadora do curso de Ci\u00eancias Biol\u00f3gicas, professora Cleide Rezende de Souza, a atividade desenvolvida\u00a0ao longo do Rio Machado\u00a0serviu para o reconhecimento da \u00e1rea, avaliando, dessa forma, a mata ciliar da regi\u00e3o.<\/span><\/p>\n<p class=\"MsoNormal\" style=\"line-height: 15.6pt;\"><span style=\"font-family: Arial;\">\u201cOs acad\u00eamicos avistaram bel\u00edssimas paisagens, conheceram praias e ilhas encantadoras com grande potencial ecotur\u00edstico e fizeram amizades com pescadores locais\u201d, destacou a coordenadora do curso.<\/span><\/p>\n<p class=\"MsoNormal\" style=\"line-height: 15.6pt;\"><span style=\"font-family: Arial;\"> <\/span><\/p>\n<p class=\"MsoNormal\" style=\"line-height: 15.6pt;\"><span style=\"font-family: Arial;\">Alexandre Almeida <\/span><\/p>\n","protected":false},"excerpt":{"rendered":"<p>Os acad\u00eamicos do curso de Ci\u00eancias Biol\u00f3gicas do CEULJI\/ULBRA, disciplina de Ecologia Viva, em parceria com a ONG GARSA (Grupo Ambientalista Rio Machado e seus Afluentes), percorreram 17 km do Rio Machado em caiaques. Todos\u00a0aperfei\u00e7oaram a t\u00e9cnica da canoagem por ser uma ferramenta \u00fatil para os estudos biol\u00f3gicos. Ela facilita a coleta da flora, a [&hellip;]<\/p>\n","protected":false},"author":3,"featured_media":0,"comment_status":"open","ping_status":"open","sticky":false,"template":"","format":"standard","meta":{"tdm_status":"","tdm_grid_status":"","footnotes":""},"categories":[22],"tags":[],"class_list":{"0":"post-1897","1":"post","2":"type-post","3":"status-publish","4":"format-standard","6":"category-brasil"},"_links":{"self":[{"href":"https:\/\/migracao.redenoticia.com.br\/noticia\/wp-json\/wp\/v2\/posts\/1897","targetHints":{"allow":["GET"]}}],"collection":[{"href":"https:\/\/migracao.redenoticia.com.br\/noticia\/wp-json\/wp\/v2\/posts"}],"about":[{"href":"https:\/\/migracao.redenoticia.com.br\/noticia\/wp-json\/wp\/v2\/types\/post"}],"author":[{"embeddable":true,"href":"https:\/\/migracao.redenoticia.com.br\/noticia\/wp-json\/wp\/v2\/users\/3"}],"replies":[{"embeddable":true,"href":"https:\/\/migracao.redenoticia.com.br\/noticia\/wp-json\/wp\/v2\/comments?post=1897"}],"version-history":[{"count":0,"href":"https:\/\/migracao.redenoticia.com.br\/noticia\/wp-json\/wp\/v2\/posts\/1897\/revisions"}],"wp:attachment":[{"href":"https:\/\/migracao.redenoticia.com.br\/noticia\/wp-json\/wp\/v2\/media?parent=1897"}],"wp:term":[{"taxonomy":"category","embeddable":true,"href":"https:\/\/migracao.redenoticia.com.br\/noticia\/wp-json\/wp\/v2\/categories?post=1897"},{"taxonomy":"post_tag","embeddable":true,"href":"https:\/\/migracao.redenoticia.com.br\/noticia\/wp-json\/wp\/v2\/tags?post=1897"}],"curies":[{"name":"wp","href":"https:\/\/api.w.org\/{rel}","templated":true}]}}