{"id":189787,"date":"2020-03-07T18:10:14","date_gmt":"2020-03-07T21:10:14","guid":{"rendered":"https:\/\/www.redenoticia.com.br\/noticia\/?p=189787"},"modified":"2020-03-07T18:10:14","modified_gmt":"2020-03-07T21:10:14","slug":"resumo-novela-cumplices-de-um-resgate-09-03-priscila-decide-voltar-para-a-banda-c1r","status":"publish","type":"post","link":"https:\/\/migracao.redenoticia.com.br\/noticia\/2020\/resumo-novela-cumplices-de-um-resgate-09-03-priscila-decide-voltar-para-a-banda-c1r\/189787","title":{"rendered":"Resumo novela \u201cC\u00famplices de um Resgate\u201d 09\/03: Priscila decide voltar para a banda C1R"},"content":{"rendered":"<p> <img loading=\"lazy\" decoding=\"async\" class=\"aligncenter size-large wp-image-164526\" src=\"https:\/\/migracao.redenoticia.com.br\/noticia\/imagens\/cumplices-de-um-resgate-001-316x300.jpg\" alt=\"\" width=\"316\" height=\"300\" srcset=\"https:\/\/migracao.redenoticia.com.br\/noticia\/imagens\/cumplices-de-um-resgate-001-316x300.jpg 316w, https:\/\/migracao.redenoticia.com.br\/noticia\/imagens\/cumplices-de-um-resgate-001-197x187.jpg 197w, https:\/\/migracao.redenoticia.com.br\/noticia\/imagens\/cumplices-de-um-resgate-001-150x143.jpg 150w, https:\/\/migracao.redenoticia.com.br\/noticia\/imagens\/cumplices-de-um-resgate-001.jpg 526w\" sizes=\"auto, (max-width: 316px) 100vw, 316px\" \/><\/p>\n<p><strong><em>Resumo novela \u201cC\u00famplices de um Resgate\u201d 09\/03<\/em><\/strong>: no cap\u00edtulo 307(*) da novela, segunda-feira, 09 de mar\u00e7o, Omar diz que ir\u00e1 dar uma festa e divide as atividades entre os empregados do haras. Frederico pede autoriza\u00e7\u00e3o para que Ot\u00e1vio deixe os sapatos Fiorina fazerem parte da nova cole\u00e7\u00e3o da On-Enterprise. Esses s\u00e3o os sapatos feitos por Giuseppe, no Vilarejo dos Sonhos. T\u00e9o e Isabela, que finge ser Manuela, fazem sapatos novos para os amigos com o aux\u00edlio de Giuseppe.<\/p>\n<p>Priscila decide voltar para a banda C1R e deixa todos felizes. D\u00f3ris e Mateus ficam felizes com o presente dos sapatos novos. Rebeca conversa com Safira sobre Priscila. Ela aconselha a mulher a n\u00e3o ter vergonha da filha. Enquanto isso, Priscila conversa com Isabela, que \u00e9 Manuela. Safira vai at\u00e9 a gravadora, mas Priscila \u00e9 arisca com a m\u00e3e. Joaquim grava a confiss\u00e3o de Regina dizendo que riscou o pr\u00f3prio carro para acusar o garoto.<\/p>\n<p>(*) edi\u00e7\u00e3o do SBT, Novela \u201cC\u00famplices de um Resgate\u201d, sujeito a altera\u00e7\u00e3o de data e conte\u00fado.<\/p>\n<p>\u201cC\u00famplices de um Resgate\u201d &#8211; Duas irm\u00e3s g\u00eameas univitelinas que foram separadas ap\u00f3s nascimento, se reencontram somente ap\u00f3s doze anos. Manuela, uma das g\u00eameas, \u00e9 doce, meiga, gentil, e muito talentosa para a m\u00fasica e tem uma voz encantadora. Vive uma vida feliz no Vilarejo dos Sonhos, onde mora com sua av\u00f3 Nina, sua tia Helena e sua m\u00e3e Rebeca, que d\u00e1 muito amor e carinho a filha por ela nunca ter tido um pai, e ela \u00e9 a m\u00e3e biol\u00f3gica das duas garotas, mas nunca soube que teve g\u00eameas.<\/p>\n","protected":false},"excerpt":{"rendered":"<p>Resumo novela \u201cC\u00famplices de um Resgate\u201d 09\/03: no cap\u00edtulo 307(*) da novela, segunda-feira, 09 de mar\u00e7o, Omar diz que ir\u00e1 dar uma festa e divide as atividades entre os empregados do haras. Frederico pede autoriza\u00e7\u00e3o para que Ot\u00e1vio deixe os sapatos Fiorina fazerem parte da nova cole\u00e7\u00e3o da On-Enterprise. Esses s\u00e3o os sapatos feitos por [&hellip;]<\/p>\n","protected":false},"author":5,"featured_media":164525,"comment_status":"open","ping_status":"closed","sticky":false,"template":"","format":"standard","meta":{"tdm_status":"","tdm_grid_status":"","footnotes":""},"categories":[379,372,343],"tags":[441],"class_list":{"0":"post-189787","1":"post","2":"type-post","3":"status-publish","4":"format-standard","5":"has-post-thumbnail","7":"category-novelas","8":"category-sbt","9":"category-televisao","10":"tag-resumo-do-dia"},"_links":{"self":[{"href":"https:\/\/migracao.redenoticia.com.br\/noticia\/wp-json\/wp\/v2\/posts\/189787","targetHints":{"allow":["GET"]}}],"collection":[{"href":"https:\/\/migracao.redenoticia.com.br\/noticia\/wp-json\/wp\/v2\/posts"}],"about":[{"href":"https:\/\/migracao.redenoticia.com.br\/noticia\/wp-json\/wp\/v2\/types\/post"}],"author":[{"embeddable":true,"href":"https:\/\/migracao.redenoticia.com.br\/noticia\/wp-json\/wp\/v2\/users\/5"}],"replies":[{"embeddable":true,"href":"https:\/\/migracao.redenoticia.com.br\/noticia\/wp-json\/wp\/v2\/comments?post=189787"}],"version-history":[{"count":0,"href":"https:\/\/migracao.redenoticia.com.br\/noticia\/wp-json\/wp\/v2\/posts\/189787\/revisions"}],"wp:featuredmedia":[{"embeddable":true,"href":"https:\/\/migracao.redenoticia.com.br\/noticia\/wp-json\/wp\/v2\/media\/164525"}],"wp:attachment":[{"href":"https:\/\/migracao.redenoticia.com.br\/noticia\/wp-json\/wp\/v2\/media?parent=189787"}],"wp:term":[{"taxonomy":"category","embeddable":true,"href":"https:\/\/migracao.redenoticia.com.br\/noticia\/wp-json\/wp\/v2\/categories?post=189787"},{"taxonomy":"post_tag","embeddable":true,"href":"https:\/\/migracao.redenoticia.com.br\/noticia\/wp-json\/wp\/v2\/tags?post=189787"}],"curies":[{"name":"wp","href":"https:\/\/api.w.org\/{rel}","templated":true}]}}