{"id":189789,"date":"2020-03-07T18:07:42","date_gmt":"2020-03-07T21:07:42","guid":{"rendered":"https:\/\/www.redenoticia.com.br\/noticia\/?p=189789"},"modified":"2020-03-07T18:07:42","modified_gmt":"2020-03-07T21:07:42","slug":"resumo-novela-meu-coracao-e-teu-09-03-fanny-descobre-que-laura-foi-amante-de-henrique","status":"publish","type":"post","link":"https:\/\/migracao.redenoticia.com.br\/noticia\/2020\/resumo-novela-meu-coracao-e-teu-09-03-fanny-descobre-que-laura-foi-amante-de-henrique\/189789","title":{"rendered":"Resumo novela \u201cMeu Cora\u00e7\u00e3o \u00e9 Teu\u201d 09\/03: Fanny descobre que Laura foi amante de Henrique"},"content":{"rendered":"<p> <img loading=\"lazy\" decoding=\"async\" class=\"aligncenter size-large wp-image-183929\" src=\"https:\/\/migracao.redenoticia.com.br\/noticia\/imagens\/meu-coracao-e-teu-300x300.jpg\" alt=\"\" width=\"300\" height=\"300\" srcset=\"https:\/\/migracao.redenoticia.com.br\/noticia\/imagens\/meu-coracao-e-teu-300x300.jpg 300w, https:\/\/migracao.redenoticia.com.br\/noticia\/imagens\/meu-coracao-e-teu-187x187.jpg 187w, https:\/\/migracao.redenoticia.com.br\/noticia\/imagens\/meu-coracao-e-teu-150x150.jpg 150w, https:\/\/migracao.redenoticia.com.br\/noticia\/imagens\/meu-coracao-e-teu-140x140.jpg 140w, https:\/\/migracao.redenoticia.com.br\/noticia\/imagens\/meu-coracao-e-teu-85x85.jpg 85w, https:\/\/migracao.redenoticia.com.br\/noticia\/imagens\/meu-coracao-e-teu.jpg 500w\" sizes=\"auto, (max-width: 300px) 100vw, 300px\" \/><\/p>\n<p><strong><em>Resumo da novela \u201cMeu Cora\u00e7\u00e3o \u00e9 Teu\u201d<\/em><\/strong> em 09\/03 no cap\u00edtulo 091(*) da novela, segunda-feira, 09 de mar\u00e7o, Sebasti\u00e3o e Sara est\u00e3o ensaiando quando Fernando entra e descobre sobre o concurso. Fernando diz que Sebasti\u00e3o n\u00e3o precisa se preocupar com o dinheiro para a inscri\u00e7\u00e3o. Isabela amea\u00e7a Yolanda de que ir\u00e1 negar tudo que ela disser a Fernando. Como a m\u00e3e n\u00e3o se intimida, Isabela se retrata. Angel conta a Ana que Magda abortou seu filho sem lhe dizer nada. Edith diz a Fanny, Leon e Nando que depois de tanto tempo n\u00e3o \u00e9 f\u00e1cil provar a viola\u00e7\u00e3o que sofreu de Gabriel. Eles aconselham Edith a comprar um g\u00e1s de pimenta para que possa se defender, caso Gabriel volte a se aproximar. Alicia chama Isabela para contar sobre o desaparecimento de Pablo e descobre que Sebasti\u00e3o est\u00e1 ensaiando para o concurso.<\/p>\n<p>Isabela pensa em algo para prejudicar Sebasti\u00e3o. Os g\u00eameos planejam uma nova travessura. Soledade e Ana falam do v\u00eddeo onde ela aparecia dan\u00e7ando, Fernando ouve atr\u00e1s da porta. Fernando aparece e Ana fica preocupada que Fernando tenha ouvido algo. Ana diz \u00e1 m\u00e3e que se sente a pior pessoa do mundo por esconder de Fernando que dan\u00e7a na \u201cChicago\u201d. Bruno e Fernando falam de Ana, Fernando diz a Bruno que sente que Ana o esconde algo. Pablo faz uma surpresa muito especial \u00e1 Alicia. Fernando pergunta a Ana se ela est\u00e1 o escondendo algo. Isabela e Yolanda tem uma conversa s\u00e9ria entre m\u00e3e e filha, e prometem comprometimento para que melhoram sua rela\u00e7\u00e3o.<\/p>\n<p>Leon confessa a Fanny que esteve em contato com Laura e que ela foi amante de Henrique, Fanny fica mal. Fernando diz a Ana que sente como se existisse uma barreira entre eles, e ainda mais com o que escutou, Ana o responde que apenas falava de uma foto que Diego tirou, dela e Soledade. Fanny diz a Ana que \u00e9 sua c\u00famplice quanto ao segredo da &#8220;dan\u00e7a&#8221;, e que tamb\u00e9m tem se sentido mal, que Ana deve dizer a verdade \u00e1 Fernando, pois nunca chegar\u00e1 esse &#8220;melhor momento&#8221; que ela tanto espera. Ana responde que na realidade o que a det\u00e9m \u00e9 o medo de perd\u00ea-lo para sempre. Fanny diz a Ana que est\u00e1 mal pelo que a disse Leon, sobre Laura.<\/p>\n<p>(*) edi\u00e7\u00e3o do SBT, Novela \u201cMeu Cora\u00e7\u00e3o \u00e9 Teu\u201d, sujeito a altera\u00e7\u00e3o de data e conte\u00fado.<\/p>\n<p>Novela \u201cMeu Cora\u00e7\u00e3o \u00e9 Teu\u201d: Ana Leal \u00e9 uma mulher alegre e otimista. Um desastre destr\u00f3i sua casa e Ana perde tudo o que tem. Fernando Lascur\u00e1in, um prestigiado empres\u00e1rio que se lembra com tristeza que h\u00e1 um ano morreu sua esposa. Fernando \u00e9 o pai de sete filhos: Fanny de 19 anos, Nando de 17 anos, Alicia de 14 anos, Sebasti\u00e3o de 11 anos, os g\u00eameos Alex e Guille de 8 anos e a pequena Luz de 4 anos. Estes sete \u201cpequenos\u201d se encarregaram de fazer a vida de dezenas de bab\u00e1s imposs\u00edvel, mas Fernando precisa urgentemente de uma bab\u00e1 que cuide de seus filhos.<\/p>\n<p>As necessidades e a vontade de se superar, levam Ana a buscar outro trabalho. Sua falta de experi\u00eancia, e sua educa\u00e7\u00e3o prec\u00e1ria complicam o processo de ela encontrar um trabalho est\u00e1vel. Mas o destino tem algo preparado a ela: por uma confus\u00e3o, Ana termina chegando \u00e0 mans\u00e3o Lascur\u00e1in sem saber que l\u00e1 encontrar\u00e1 tudo o que sempre sonhou.<\/p>\n","protected":false},"excerpt":{"rendered":"<p>Resumo da novela \u201cMeu Cora\u00e7\u00e3o \u00e9 Teu\u201d em 09\/03 no cap\u00edtulo 091(*) da novela, segunda-feira, 09 de mar\u00e7o, Sebasti\u00e3o e Sara est\u00e3o ensaiando quando Fernando entra e descobre sobre o concurso. Fernando diz que Sebasti\u00e3o n\u00e3o precisa se preocupar com o dinheiro para a inscri\u00e7\u00e3o. Isabela amea\u00e7a Yolanda de que ir\u00e1 negar tudo que ela [&hellip;]<\/p>\n","protected":false},"author":5,"featured_media":183928,"comment_status":"open","ping_status":"closed","sticky":false,"template":"","format":"standard","meta":{"tdm_status":"","tdm_grid_status":"","footnotes":""},"categories":[379,372,343],"tags":[441],"class_list":{"0":"post-189789","1":"post","2":"type-post","3":"status-publish","4":"format-standard","5":"has-post-thumbnail","7":"category-novelas","8":"category-sbt","9":"category-televisao","10":"tag-resumo-do-dia"},"_links":{"self":[{"href":"https:\/\/migracao.redenoticia.com.br\/noticia\/wp-json\/wp\/v2\/posts\/189789","targetHints":{"allow":["GET"]}}],"collection":[{"href":"https:\/\/migracao.redenoticia.com.br\/noticia\/wp-json\/wp\/v2\/posts"}],"about":[{"href":"https:\/\/migracao.redenoticia.com.br\/noticia\/wp-json\/wp\/v2\/types\/post"}],"author":[{"embeddable":true,"href":"https:\/\/migracao.redenoticia.com.br\/noticia\/wp-json\/wp\/v2\/users\/5"}],"replies":[{"embeddable":true,"href":"https:\/\/migracao.redenoticia.com.br\/noticia\/wp-json\/wp\/v2\/comments?post=189789"}],"version-history":[{"count":0,"href":"https:\/\/migracao.redenoticia.com.br\/noticia\/wp-json\/wp\/v2\/posts\/189789\/revisions"}],"wp:featuredmedia":[{"embeddable":true,"href":"https:\/\/migracao.redenoticia.com.br\/noticia\/wp-json\/wp\/v2\/media\/183928"}],"wp:attachment":[{"href":"https:\/\/migracao.redenoticia.com.br\/noticia\/wp-json\/wp\/v2\/media?parent=189789"}],"wp:term":[{"taxonomy":"category","embeddable":true,"href":"https:\/\/migracao.redenoticia.com.br\/noticia\/wp-json\/wp\/v2\/categories?post=189789"},{"taxonomy":"post_tag","embeddable":true,"href":"https:\/\/migracao.redenoticia.com.br\/noticia\/wp-json\/wp\/v2\/tags?post=189789"}],"curies":[{"name":"wp","href":"https:\/\/api.w.org\/{rel}","templated":true}]}}