{"id":1899,"date":"2009-05-22T21:42:40","date_gmt":"2009-05-23T01:42:40","guid":{"rendered":"http:\/\/www.redenoticia.com.br\/noticia\/?p=1899"},"modified":"2009-05-22T21:42:40","modified_gmt":"2009-05-23T01:42:40","slug":"alunos-do-ensino-medio-participaram-da-feira-das-profissoes-em-ji-parana","status":"publish","type":"post","link":"https:\/\/migracao.redenoticia.com.br\/noticia\/2009\/alunos-do-ensino-medio-participaram-da-feira-das-profissoes-em-ji-parana\/1899","title":{"rendered":"Alunos do Ensino M\u00e9dio participaram da Feira das Profiss\u00f5es em Ji-Paran\u00e1"},"content":{"rendered":"<p><span style=\"font-family: Arial;\"><a href=\"https:\/\/migracao.redenoticia.com.br\/noticia\/imagens\/\/feira.jpg\"><img loading=\"lazy\" decoding=\"async\" class=\"alignleft size-medium wp-image-1898\" title=\"feira\" src=\"https:\/\/migracao.redenoticia.com.br\/noticia\/imagens\/\/feira-249x187.jpg\" alt=\"feira\" width=\"249\" height=\"187\" \/><\/a>Estudantes de diversas escolas dos munic\u00edpios de Ji-Paran\u00e1, Cacoal e Presidente M\u00e9dici participaram da Feira das Profiss\u00f5es do CEULJI\/ULBRA.<\/span><\/p>\n<p><span style=\"font-size: 12pt; font-family: Arial;\">O objetivo desta feira que acontece todos os anos \u00e9 aproximar os alunos dos cursos oferecidos pela institui\u00e7\u00e3o, abrir espa\u00e7o para que eles tirem d\u00favidas quanto \u00e0s profiss\u00f5es relacionadas aos cursos e tamb\u00e9m para divulgar a estrutura da Institui\u00e7\u00e3o.<\/p>\n<p>Durante o evento, acad\u00eamicos, professores e coordenadores aproveitaram as vis\u00edtas para divulgarem\u00a0as atividades realizadas pelos cursos da Institui\u00e7\u00e3o.<br \/>\n<!--[if !supportLineBreakNewLine]--><br \/>\n<!--[endif]--><\/span><\/p>\n","protected":false},"excerpt":{"rendered":"<p>Estudantes de diversas escolas dos munic\u00edpios de Ji-Paran\u00e1, Cacoal e Presidente M\u00e9dici participaram da Feira das Profiss\u00f5es do CEULJI\/ULBRA. O objetivo desta feira que acontece todos os anos \u00e9 aproximar os alunos dos cursos oferecidos pela institui\u00e7\u00e3o, abrir espa\u00e7o para que eles tirem d\u00favidas quanto \u00e0s profiss\u00f5es relacionadas aos cursos e tamb\u00e9m para divulgar a [&hellip;]<\/p>\n","protected":false},"author":3,"featured_media":0,"comment_status":"open","ping_status":"open","sticky":false,"template":"","format":"standard","meta":{"tdm_status":"","tdm_grid_status":"","footnotes":""},"categories":[22],"tags":[],"class_list":{"0":"post-1899","1":"post","2":"type-post","3":"status-publish","4":"format-standard","6":"category-brasil"},"_links":{"self":[{"href":"https:\/\/migracao.redenoticia.com.br\/noticia\/wp-json\/wp\/v2\/posts\/1899","targetHints":{"allow":["GET"]}}],"collection":[{"href":"https:\/\/migracao.redenoticia.com.br\/noticia\/wp-json\/wp\/v2\/posts"}],"about":[{"href":"https:\/\/migracao.redenoticia.com.br\/noticia\/wp-json\/wp\/v2\/types\/post"}],"author":[{"embeddable":true,"href":"https:\/\/migracao.redenoticia.com.br\/noticia\/wp-json\/wp\/v2\/users\/3"}],"replies":[{"embeddable":true,"href":"https:\/\/migracao.redenoticia.com.br\/noticia\/wp-json\/wp\/v2\/comments?post=1899"}],"version-history":[{"count":0,"href":"https:\/\/migracao.redenoticia.com.br\/noticia\/wp-json\/wp\/v2\/posts\/1899\/revisions"}],"wp:attachment":[{"href":"https:\/\/migracao.redenoticia.com.br\/noticia\/wp-json\/wp\/v2\/media?parent=1899"}],"wp:term":[{"taxonomy":"category","embeddable":true,"href":"https:\/\/migracao.redenoticia.com.br\/noticia\/wp-json\/wp\/v2\/categories?post=1899"},{"taxonomy":"post_tag","embeddable":true,"href":"https:\/\/migracao.redenoticia.com.br\/noticia\/wp-json\/wp\/v2\/tags?post=1899"}],"curies":[{"name":"wp","href":"https:\/\/api.w.org\/{rel}","templated":true}]}}