{"id":189975,"date":"2020-03-11T12:02:31","date_gmt":"2020-03-11T15:02:31","guid":{"rendered":"https:\/\/www.redenoticia.com.br\/noticia\/?p=189975"},"modified":"2020-03-11T12:02:31","modified_gmt":"2020-03-11T15:02:31","slug":"resumo-novela-meu-coracao-e-teu-12-03-nasce-o-bebe-de-isabela","status":"publish","type":"post","link":"https:\/\/migracao.redenoticia.com.br\/noticia\/2020\/resumo-novela-meu-coracao-e-teu-12-03-nasce-o-bebe-de-isabela\/189975","title":{"rendered":"Resumo novela \u201cMeu Cora\u00e7\u00e3o \u00e9 Teu\u201d 12\/03: Nasce o beb\u00ea de Isabela"},"content":{"rendered":"<p><img loading=\"lazy\" decoding=\"async\" src=\"https:\/\/migracao.redenoticia.com.br\/noticia\/imagens\/meu-coracao-e-teu-300x300.jpg\" alt=\"\" width=\"300\" height=\"300\" class=\"aligncenter size-large wp-image-183929\" srcset=\"https:\/\/migracao.redenoticia.com.br\/noticia\/imagens\/meu-coracao-e-teu-300x300.jpg 300w, https:\/\/migracao.redenoticia.com.br\/noticia\/imagens\/meu-coracao-e-teu-187x187.jpg 187w, https:\/\/migracao.redenoticia.com.br\/noticia\/imagens\/meu-coracao-e-teu-150x150.jpg 150w, https:\/\/migracao.redenoticia.com.br\/noticia\/imagens\/meu-coracao-e-teu-140x140.jpg 140w, https:\/\/migracao.redenoticia.com.br\/noticia\/imagens\/meu-coracao-e-teu-85x85.jpg 85w, https:\/\/migracao.redenoticia.com.br\/noticia\/imagens\/meu-coracao-e-teu.jpg 500w\" sizes=\"auto, (max-width: 300px) 100vw, 300px\" \/><\/p>\n<p><strong><em>Resumo da novela \u201cMeu Cora\u00e7\u00e3o \u00e9 Teu\u201d<\/em><\/strong> em 12\/03 no cap\u00edtulo 094(*) da novela, quinta-feira, 12 de mar\u00e7o, Isabela, Fernando e Yolanda est\u00e3o no hospital. Fernando liga para Ana e pede que ela v\u00e1 at\u00e9 l\u00e1 para estar com ele. Ana vai v\u00ea-lo. Johnny leva Jennifer para ver o local onde ser\u00e1 sua academia de Pole Dance e de l\u00e1 v\u00e3o a mans\u00e3o Lascurain para ajudarem a decorar a casa para as festas de fim de ano. Ana chega ao hospital. Ela e Fernando falam sobre a vez em que ele dormiu com Isabela e ela supostamente, engravidou. Isabela diz ao doutor que o matar\u00e1 caso ele diga a Fernando que o beb\u00ea que espera n\u00e3o \u00e9 seu. O doutor ordena que fa\u00e7am uma ces\u00e1rea em Isabela, pois o cora\u00e7\u00e3o de seu beb\u00ea bate lentamente. Johnny e Jennifer terminam de decorar a casa e, quando acendem as luzes, tudo parece fant\u00e1stico. O beb\u00ea nasce, mas n\u00e3o respira. Eles o levam para a incubadora at\u00e9 que ele reaja bem.<\/p>\n<p>O doutor diz a Fernando que o beb\u00ea corre perigo. Fanny vai ver o beb\u00ea na incubadora e n\u00e3o o acha parecido com sua fam\u00edlia. Leon diz a Mauricio e a sua m\u00e3e que o deram cr\u00e9dito para comprar uma casa e que solicitar\u00e1 uma data para fazer um exame profissional. Dessa forma ele teria um melhor sal\u00e1rio e condi\u00e7\u00f5es de se casar com Fanny. Margarida pergunta se Leon acredita que Fanny aguentar\u00e1 viver em uma casinha social. Ana diz a Edith que sentiu muita tristeza ao ver o filho de Isabela, porque ela sempre teve o sonho de ser m\u00e3e. Angel diz a Fernando e Ana que Sebasti\u00e3o pode dan\u00e7ar, mas deve tomar cuidado com movimentos muito bruscos. Yolanda reclama com Fernando por ele n\u00e3o estar se ocupando de Isabela, a m\u00e3e de seu filho. Fernando vai visitar Isabela. A mulher aceita que seu filho se chame Diego Nicolas.<\/p>\n<p>Manuela recebe um peru para a ceia de natal, e as crian\u00e7as se chocam quando percebem que esse \u00e9 o prop\u00f3sito do peru. Fernando fica nost\u00e1lgico ao ver a \u00e1rvore de natal, pois se lembra de Estef\u00e2nia. Ana diz que ela tamb\u00e9m passou natais tristes e Fernando promete que este ser\u00e1 o mais feliz de sua vida, e que nunca mais estar\u00e1 s\u00f3. Nando surpreende Fernando sonhando acordado, e ele responde que n\u00e3o est\u00e1 apaixonado, e sim apaixonad\u00edssimo por Ana. Ana diz a Fanny que ainda n\u00e3o \u00e9 o momento para confessar tudo sobre sua vida a Fernando, pois isso arruinaria o natal de todos. Uma enfermeira se surpreende ao ver que Henrique abriu os olhos.<\/p>\n<p>(*) edi\u00e7\u00e3o do SBT, Novela \u201cMeu Cora\u00e7\u00e3o \u00e9 Teu\u201d, sujeito a altera\u00e7\u00e3o de data e conte\u00fado.<\/p>\n<p>Novela \u201cMeu Cora\u00e7\u00e3o \u00e9 Teu\u201d: Ana Leal \u00e9 uma mulher alegre e otimista. Um desastre destr\u00f3i sua casa e Ana perde tudo o que tem. Fernando Lascur\u00e1in, um prestigiado empres\u00e1rio que se lembra com tristeza que h\u00e1 um ano morreu sua esposa. Fernando \u00e9 o pai de sete filhos: Fanny de 19 anos, Nando de 17 anos, Alicia de 14 anos, Sebasti\u00e3o de 11 anos, os g\u00eameos Alex e Guille de 8 anos e a pequena Luz de 4 anos. Estes sete \u201cpequenos\u201d se encarregaram de fazer a vida de dezenas de bab\u00e1s imposs\u00edvel, mas Fernando precisa urgentemente de uma bab\u00e1 que cuide de seus filhos.<\/p>\n<p>As necessidades e a vontade de se superar, levam Ana a buscar outro trabalho. Sua falta de experi\u00eancia, e sua educa\u00e7\u00e3o prec\u00e1ria complicam o processo de ela encontrar um trabalho est\u00e1vel. Mas o destino tem algo preparado a ela: por uma confus\u00e3o, Ana termina chegando \u00e0 mans\u00e3o Lascur\u00e1in sem saber que l\u00e1 encontrar\u00e1 tudo o que sempre sonhou.<\/p>\n","protected":false},"excerpt":{"rendered":"<p>Resumo da novela \u201cMeu Cora\u00e7\u00e3o \u00e9 Teu\u201d em 12\/03 no cap\u00edtulo 094(*) da novela, quinta-feira, 12 de mar\u00e7o, Isabela, Fernando e Yolanda est\u00e3o no hospital. Fernando liga para Ana e pede que ela v\u00e1 at\u00e9 l\u00e1 para estar com ele. Ana vai v\u00ea-lo. Johnny leva Jennifer para ver o local onde ser\u00e1 sua academia de [&hellip;]<\/p>\n","protected":false},"author":4,"featured_media":183928,"comment_status":"open","ping_status":"closed","sticky":false,"template":"","format":"standard","meta":{"tdm_status":"","tdm_grid_status":"","footnotes":""},"categories":[379,372,343],"tags":[441],"class_list":{"0":"post-189975","1":"post","2":"type-post","3":"status-publish","4":"format-standard","5":"has-post-thumbnail","7":"category-novelas","8":"category-sbt","9":"category-televisao","10":"tag-resumo-do-dia"},"_links":{"self":[{"href":"https:\/\/migracao.redenoticia.com.br\/noticia\/wp-json\/wp\/v2\/posts\/189975","targetHints":{"allow":["GET"]}}],"collection":[{"href":"https:\/\/migracao.redenoticia.com.br\/noticia\/wp-json\/wp\/v2\/posts"}],"about":[{"href":"https:\/\/migracao.redenoticia.com.br\/noticia\/wp-json\/wp\/v2\/types\/post"}],"author":[{"embeddable":true,"href":"https:\/\/migracao.redenoticia.com.br\/noticia\/wp-json\/wp\/v2\/users\/4"}],"replies":[{"embeddable":true,"href":"https:\/\/migracao.redenoticia.com.br\/noticia\/wp-json\/wp\/v2\/comments?post=189975"}],"version-history":[{"count":0,"href":"https:\/\/migracao.redenoticia.com.br\/noticia\/wp-json\/wp\/v2\/posts\/189975\/revisions"}],"wp:featuredmedia":[{"embeddable":true,"href":"https:\/\/migracao.redenoticia.com.br\/noticia\/wp-json\/wp\/v2\/media\/183928"}],"wp:attachment":[{"href":"https:\/\/migracao.redenoticia.com.br\/noticia\/wp-json\/wp\/v2\/media?parent=189975"}],"wp:term":[{"taxonomy":"category","embeddable":true,"href":"https:\/\/migracao.redenoticia.com.br\/noticia\/wp-json\/wp\/v2\/categories?post=189975"},{"taxonomy":"post_tag","embeddable":true,"href":"https:\/\/migracao.redenoticia.com.br\/noticia\/wp-json\/wp\/v2\/tags?post=189975"}],"curies":[{"name":"wp","href":"https:\/\/api.w.org\/{rel}","templated":true}]}}