{"id":190030,"date":"2020-03-12T11:23:10","date_gmt":"2020-03-12T14:23:10","guid":{"rendered":"https:\/\/www.redenoticia.com.br\/noticia\/?p=190030"},"modified":"2020-03-12T11:23:10","modified_gmt":"2020-03-12T14:23:10","slug":"resumo-novela-meu-coracao-e-teu-13-03-leon-pede-para-que-fanny-se-case-com-ele","status":"publish","type":"post","link":"https:\/\/migracao.redenoticia.com.br\/noticia\/2020\/resumo-novela-meu-coracao-e-teu-13-03-leon-pede-para-que-fanny-se-case-com-ele\/190030","title":{"rendered":"Resumo novela \u201cMeu Cora\u00e7\u00e3o \u00e9 Teu\u201d 13\/03: Leon pede para que Fanny se case com ele"},"content":{"rendered":"<p><img loading=\"lazy\" decoding=\"async\" src=\"https:\/\/migracao.redenoticia.com.br\/noticia\/imagens\/meu-coracao-e-teu-300x300.jpg\" alt=\"\" width=\"300\" height=\"300\" class=\"aligncenter size-large wp-image-183929\" srcset=\"https:\/\/migracao.redenoticia.com.br\/noticia\/imagens\/meu-coracao-e-teu-300x300.jpg 300w, https:\/\/migracao.redenoticia.com.br\/noticia\/imagens\/meu-coracao-e-teu-187x187.jpg 187w, https:\/\/migracao.redenoticia.com.br\/noticia\/imagens\/meu-coracao-e-teu-150x150.jpg 150w, https:\/\/migracao.redenoticia.com.br\/noticia\/imagens\/meu-coracao-e-teu-140x140.jpg 140w, https:\/\/migracao.redenoticia.com.br\/noticia\/imagens\/meu-coracao-e-teu-85x85.jpg 85w, https:\/\/migracao.redenoticia.com.br\/noticia\/imagens\/meu-coracao-e-teu.jpg 500w\" sizes=\"auto, (max-width: 300px) 100vw, 300px\" \/><\/p>\n<p><strong><em>Resumo da novela \u201cMeu Cora\u00e7\u00e3o \u00e9 Teu\u201d<\/em><\/strong> em 13\/03 no cap\u00edtulo 095(*) da novela, sexta-feira, 13 de mar\u00e7o, Fernando escuta a voz de Estef\u00e2nia, que lhe diz para n\u00e3o permitir que Ana v\u00e1 embora. Ele se comove muito e agradece Estef\u00e2nia. Fernando diz a Ana que com o beijo que deram sentiu que ela tamb\u00e9m o amava. Ana confessa a Fernando que o ama. Ele fica muito feliz. Ela completa dizendo que eles n\u00e3o devem revelar isso as crian\u00e7as. Sara fica triste porque sua m\u00e3e n\u00e3o vai v\u00ea-la. Ana diz a Sara que talvez sua m\u00e3e esteja muito ocupada e a abra\u00e7a. Isabela reclama por Fernando n\u00e3o estar lhe esperando para lev\u00e1-la a sua casa, tendo em vista que ela j\u00e1 est\u00e1 de alta. Fernando responde que ir\u00e1 ao concurso de dan\u00e7a de Sebasti\u00e3o, mas que Zeus ir\u00e1 busc\u00e1-la no hospital. Isabela se surpreende quando descobre que Sebasti\u00e3o vai dan\u00e7ar, ainda estando machucado. Fernando diz a Ana que Soledade j\u00e1 \u00e9 de sua fam\u00edlia, e que seu desejo \u00e9 que a senhora tamb\u00e9m viva na mans\u00e3o.<\/p>\n<p>Antes de sair do hospital, Isabela passa no quarto de Henrique e se assusta ao v\u00ea-lo de olhos abertos. Ela acredita que ele ainda esteja em coma, mas na verdade ele pode escut\u00e1-la. Henrique, ao escutar as amea\u00e7as de Isabela, jura que se vingar\u00e1 dela e tamb\u00e9m de Fernando. Sebasti\u00e3o e Sara ganham o concurso, mas ele volta a se machucar. Angel diz a Soledade que sente ci\u00fames de Fernando. L\u00eanin rouba um beijo de Fanny e ela se zanga. Jennifer e Johnny dizem a Ana que abriram uma academia de Pole Dance. Fernando vai \u00e0 casa de Isabela buscar seu beb\u00ea, pois ela se nega a cuidar dele. Ana est\u00e1 numa consulta com Angel, quando chega Magda, sua ex-esposa. Angel conversa com Ana quanto a seus sentimentos por Magda. Leon prepara uma surpresa para Fanny e pede que ela se case com ele.<\/p>\n<p>Fanny, sentida, diz a Leon que se considera jovem demais para casar. Leon fica desolado e pensa que ela n\u00e3o quer se comprometer com ele por causa de dinheiro. Fernando come\u00e7a a montar um pres\u00e9pio junto com as crian\u00e7as e elas pensam em fazer uma pe\u00e7a teatral, na qual Fernando seja Jos\u00e9 e Ana a virgem Maria. Todos ficam super empolgados com a ideia e come\u00e7am a preparar tudo. Margarida tenta explicar a Leon os motivos que Fanny pode ter tido para tranquiliz\u00e1-lo. Fernando cuida de Diego Nicolas. Todos na mans\u00e3o Lascurain ficam encantados com o beb\u00ea. Magda explica a Angel os motivos que a levaram a decidir abortar seu beb\u00ea, e o diz que se arrepende amargamente do que fez, pedindo o perd\u00e3o.<\/p>\n<p>(*) edi\u00e7\u00e3o do SBT, Novela \u201cMeu Cora\u00e7\u00e3o \u00e9 Teu\u201d, sujeito a altera\u00e7\u00e3o de data e conte\u00fado.<\/p>\n<p>Novela \u201cMeu Cora\u00e7\u00e3o \u00e9 Teu\u201d: Ana Leal \u00e9 uma mulher alegre e otimista. Um desastre destr\u00f3i sua casa e Ana perde tudo o que tem. Fernando Lascur\u00e1in, um prestigiado empres\u00e1rio que se lembra com tristeza que h\u00e1 um ano morreu sua esposa. Fernando \u00e9 o pai de sete filhos: Fanny de 19 anos, Nando de 17 anos, Alicia de 14 anos, Sebasti\u00e3o de 11 anos, os g\u00eameos Alex e Guille de 8 anos e a pequena Luz de 4 anos. Estes sete \u201cpequenos\u201d se encarregaram de fazer a vida de dezenas de bab\u00e1s imposs\u00edvel, mas Fernando precisa urgentemente de uma bab\u00e1 que cuide de seus filhos.<\/p>\n<p>As necessidades e a vontade de se superar, levam Ana a buscar outro trabalho. Sua falta de experi\u00eancia, e sua educa\u00e7\u00e3o prec\u00e1ria complicam o processo de ela encontrar um trabalho est\u00e1vel. Mas o destino tem algo preparado a ela: por uma confus\u00e3o, Ana termina chegando \u00e0 mans\u00e3o Lascur\u00e1in sem saber que l\u00e1 encontrar\u00e1 tudo o que sempre sonhou.<\/p>\n","protected":false},"excerpt":{"rendered":"<p>Resumo da novela \u201cMeu Cora\u00e7\u00e3o \u00e9 Teu\u201d em 13\/03 no cap\u00edtulo 095(*) da novela, sexta-feira, 13 de mar\u00e7o, Fernando escuta a voz de Estef\u00e2nia, que lhe diz para n\u00e3o permitir que Ana v\u00e1 embora. Ele se comove muito e agradece Estef\u00e2nia. Fernando diz a Ana que com o beijo que deram sentiu que ela tamb\u00e9m [&hellip;]<\/p>\n","protected":false},"author":4,"featured_media":82119,"comment_status":"open","ping_status":"closed","sticky":false,"template":"","format":"standard","meta":{"tdm_status":"","tdm_grid_status":"","footnotes":""},"categories":[379,372,343],"tags":[441],"class_list":{"0":"post-190030","1":"post","2":"type-post","3":"status-publish","4":"format-standard","5":"has-post-thumbnail","7":"category-novelas","8":"category-sbt","9":"category-televisao","10":"tag-resumo-do-dia"},"_links":{"self":[{"href":"https:\/\/migracao.redenoticia.com.br\/noticia\/wp-json\/wp\/v2\/posts\/190030","targetHints":{"allow":["GET"]}}],"collection":[{"href":"https:\/\/migracao.redenoticia.com.br\/noticia\/wp-json\/wp\/v2\/posts"}],"about":[{"href":"https:\/\/migracao.redenoticia.com.br\/noticia\/wp-json\/wp\/v2\/types\/post"}],"author":[{"embeddable":true,"href":"https:\/\/migracao.redenoticia.com.br\/noticia\/wp-json\/wp\/v2\/users\/4"}],"replies":[{"embeddable":true,"href":"https:\/\/migracao.redenoticia.com.br\/noticia\/wp-json\/wp\/v2\/comments?post=190030"}],"version-history":[{"count":0,"href":"https:\/\/migracao.redenoticia.com.br\/noticia\/wp-json\/wp\/v2\/posts\/190030\/revisions"}],"wp:featuredmedia":[{"embeddable":true,"href":"https:\/\/migracao.redenoticia.com.br\/noticia\/wp-json\/wp\/v2\/media\/82119"}],"wp:attachment":[{"href":"https:\/\/migracao.redenoticia.com.br\/noticia\/wp-json\/wp\/v2\/media?parent=190030"}],"wp:term":[{"taxonomy":"category","embeddable":true,"href":"https:\/\/migracao.redenoticia.com.br\/noticia\/wp-json\/wp\/v2\/categories?post=190030"},{"taxonomy":"post_tag","embeddable":true,"href":"https:\/\/migracao.redenoticia.com.br\/noticia\/wp-json\/wp\/v2\/tags?post=190030"}],"curies":[{"name":"wp","href":"https:\/\/api.w.org\/{rel}","templated":true}]}}