{"id":190034,"date":"2020-03-12T11:27:03","date_gmt":"2020-03-12T14:27:03","guid":{"rendered":"https:\/\/www.redenoticia.com.br\/noticia\/?p=190034"},"modified":"2020-03-12T11:27:03","modified_gmt":"2020-03-12T14:27:03","slug":"resumo-novela-cumplices-de-um-resgate-13-03-o-padre-diz-a-isabela-saber-que-ela-nao-e-manuela","status":"publish","type":"post","link":"https:\/\/migracao.redenoticia.com.br\/noticia\/2020\/resumo-novela-cumplices-de-um-resgate-13-03-o-padre-diz-a-isabela-saber-que-ela-nao-e-manuela\/190034","title":{"rendered":"Resumo novela \u201cC\u00famplices de um Resgate\u201d 13\/03: O Padre diz a Isabela saber que ela n\u00e3o \u00e9 Manuela"},"content":{"rendered":"<p><img loading=\"lazy\" decoding=\"async\" class=\"aligncenter size-large wp-image-164526\" src=\"https:\/\/migracao.redenoticia.com.br\/noticia\/imagens\/cumplices-de-um-resgate-001-316x300.jpg\" alt=\"\" width=\"316\" height=\"300\" srcset=\"https:\/\/migracao.redenoticia.com.br\/noticia\/imagens\/cumplices-de-um-resgate-001-316x300.jpg 316w, https:\/\/migracao.redenoticia.com.br\/noticia\/imagens\/cumplices-de-um-resgate-001-197x187.jpg 197w, https:\/\/migracao.redenoticia.com.br\/noticia\/imagens\/cumplices-de-um-resgate-001-150x143.jpg 150w, https:\/\/migracao.redenoticia.com.br\/noticia\/imagens\/cumplices-de-um-resgate-001.jpg 526w\" sizes=\"auto, (max-width: 316px) 100vw, 316px\" \/><\/p>\n<p><strong><em>Resumo novela \u201cC\u00famplices de um Resgate\u201d 13\/03<\/em><\/strong>: no cap\u00edtulo 311(*) da novela, sexta-feira, 13 de mar\u00e7o, Ta\u00edsa se alia a Tomas para prejudicar Frederico. A mulher diz que n\u00e3o \u00e9 m\u00e1, apenas n\u00e3o gosta de ser usada. Pedro e Helena come\u00e7am a namorar. Ot\u00e1vio encontra os dois e deseja alegria para os dois. Omar vai at\u00e9 o centro do Vilarejo toca berrante durante a noite, mas foge quando todos aparecem, deixando parecer que foi Sabrina quem aprontou. Um touro levado por Omar fica na dire\u00e7\u00e3o de Sabrina. Andr\u00e9 coloca na internet o v\u00eddeo que fez de Meire e Dinho cantando na gravadora.<\/p>\n<p>Omar aparece e come\u00e7a a narrar com o desespero de Sabrina. O padre aparece e diz que a brincadeira parou por ali. Geraldo coloca o nome de Vicente em seus crimes. Jovens pedem para tirar fotos com Meire ap\u00f3s o v\u00eddeo fazer sucesso na internet. Fiorina e Giuseppe v\u00e3o at\u00e9 a cidade, na On-Enterprise. Isabela conta para T\u00e9o que o padre Lutero disse que ela est\u00e1 cantando bem melhor. Na igreja, o Padre diz para Isabela confiar nele, pergunta quem \u00e9 ela \u00e9 diz saber que ela n\u00e3o \u00e9 Manuela.<\/p>\n<p>(*) edi\u00e7\u00e3o do SBT, Novela \u201cC\u00famplices de um Resgate\u201d, sujeito a altera\u00e7\u00e3o de data e conte\u00fado.<\/p>\n<p>\u201cC\u00famplices de um Resgate\u201d &#8211; Duas irm\u00e3s g\u00eameas univitelinas que foram separadas ap\u00f3s nascimento, se reencontram somente ap\u00f3s doze anos. Manuela, uma das g\u00eameas, \u00e9 doce, meiga, gentil, e muito talentosa para a m\u00fasica e tem uma voz encantadora. Vive uma vida feliz no Vilarejo dos Sonhos, onde mora com sua av\u00f3 Nina, sua tia Helena e sua m\u00e3e Rebeca, que d\u00e1 muito amor e carinho a filha por ela nunca ter tido um pai, e ela \u00e9 a m\u00e3e biol\u00f3gica das duas garotas, mas nunca soube que teve g\u00eameas.<\/p>\n","protected":false},"excerpt":{"rendered":"<p>Resumo novela \u201cC\u00famplices de um Resgate\u201d 13\/03: no cap\u00edtulo 311(*) da novela, sexta-feira, 13 de mar\u00e7o, Ta\u00edsa se alia a Tomas para prejudicar Frederico. A mulher diz que n\u00e3o \u00e9 m\u00e1, apenas n\u00e3o gosta de ser usada. Pedro e Helena come\u00e7am a namorar. Ot\u00e1vio encontra os dois e deseja alegria para os dois. Omar vai [&hellip;]<\/p>\n","protected":false},"author":4,"featured_media":164526,"comment_status":"open","ping_status":"closed","sticky":false,"template":"","format":"standard","meta":{"tdm_status":"","tdm_grid_status":"","footnotes":""},"categories":[379,372,343],"tags":[441],"class_list":{"0":"post-190034","1":"post","2":"type-post","3":"status-publish","4":"format-standard","5":"has-post-thumbnail","7":"category-novelas","8":"category-sbt","9":"category-televisao","10":"tag-resumo-do-dia"},"_links":{"self":[{"href":"https:\/\/migracao.redenoticia.com.br\/noticia\/wp-json\/wp\/v2\/posts\/190034","targetHints":{"allow":["GET"]}}],"collection":[{"href":"https:\/\/migracao.redenoticia.com.br\/noticia\/wp-json\/wp\/v2\/posts"}],"about":[{"href":"https:\/\/migracao.redenoticia.com.br\/noticia\/wp-json\/wp\/v2\/types\/post"}],"author":[{"embeddable":true,"href":"https:\/\/migracao.redenoticia.com.br\/noticia\/wp-json\/wp\/v2\/users\/4"}],"replies":[{"embeddable":true,"href":"https:\/\/migracao.redenoticia.com.br\/noticia\/wp-json\/wp\/v2\/comments?post=190034"}],"version-history":[{"count":0,"href":"https:\/\/migracao.redenoticia.com.br\/noticia\/wp-json\/wp\/v2\/posts\/190034\/revisions"}],"wp:featuredmedia":[{"embeddable":true,"href":"https:\/\/migracao.redenoticia.com.br\/noticia\/wp-json\/wp\/v2\/media\/164526"}],"wp:attachment":[{"href":"https:\/\/migracao.redenoticia.com.br\/noticia\/wp-json\/wp\/v2\/media?parent=190034"}],"wp:term":[{"taxonomy":"category","embeddable":true,"href":"https:\/\/migracao.redenoticia.com.br\/noticia\/wp-json\/wp\/v2\/categories?post=190034"},{"taxonomy":"post_tag","embeddable":true,"href":"https:\/\/migracao.redenoticia.com.br\/noticia\/wp-json\/wp\/v2\/tags?post=190034"}],"curies":[{"name":"wp","href":"https:\/\/api.w.org\/{rel}","templated":true}]}}