{"id":190235,"date":"2020-03-17T16:47:34","date_gmt":"2020-03-17T19:47:34","guid":{"rendered":"https:\/\/www.redenoticia.com.br\/noticia\/?p=190235"},"modified":"2020-03-17T16:47:34","modified_gmt":"2020-03-17T19:47:34","slug":"resumo-novela-meu-coracao-e-teu-18-03-alicia-descobre-que-pablo-vai-morar-na-argentina","status":"publish","type":"post","link":"https:\/\/migracao.redenoticia.com.br\/noticia\/2020\/resumo-novela-meu-coracao-e-teu-18-03-alicia-descobre-que-pablo-vai-morar-na-argentina\/190235","title":{"rendered":"Resumo novela \u201cMeu Cora\u00e7\u00e3o \u00e9 Teu\u201d 18\/03: Al\u00edcia descobre que Pablo vai morar na Argentina"},"content":{"rendered":"<p><img loading=\"lazy\" decoding=\"async\" class=\"aligncenter size-large wp-image-183929\" src=\"https:\/\/migracao.redenoticia.com.br\/noticia\/imagens\/meu-coracao-e-teu-300x300.jpg\" alt=\"\" width=\"300\" height=\"300\" srcset=\"https:\/\/migracao.redenoticia.com.br\/noticia\/imagens\/meu-coracao-e-teu-300x300.jpg 300w, https:\/\/migracao.redenoticia.com.br\/noticia\/imagens\/meu-coracao-e-teu-187x187.jpg 187w, https:\/\/migracao.redenoticia.com.br\/noticia\/imagens\/meu-coracao-e-teu-150x150.jpg 150w, https:\/\/migracao.redenoticia.com.br\/noticia\/imagens\/meu-coracao-e-teu-140x140.jpg 140w, https:\/\/migracao.redenoticia.com.br\/noticia\/imagens\/meu-coracao-e-teu-85x85.jpg 85w, https:\/\/migracao.redenoticia.com.br\/noticia\/imagens\/meu-coracao-e-teu.jpg 500w\" sizes=\"auto, (max-width: 300px) 100vw, 300px\" \/><\/p>\n<p><strong><em>Resumo da novela \u201cMeu Cora\u00e7\u00e3o \u00e9 Teu\u201d<\/em><\/strong> em 18\/03 no cap\u00edtulo 098(*) da novela, quarta-feira, 18 de mar\u00e7o, Laura mente a Leon dizendo que Fanny a disse que n\u00e3o sentia mais amor por ele e que s\u00f3 esteve l\u00e1 por Mauricio e Margarida. Luz, Alex e Guille est\u00e3o escondidos para conseguirem uma foto do Papai Noel. Ele chega e deixa presentes para as crian\u00e7as e uma mensagem de Estef\u00e2nia, dizendo que os ama muito. Quando as crian\u00e7as v\u00e3o mostrar a foto a Ana e Fernando, percebem que ela n\u00e3o saiu. Johnny diz a Jennifer que pode doar o dinheiro de Nicolas para a \u201cCasa das Mercedes\u201d. Ana abre o presente de Fernando e v\u00ea que se trata de um pano, aquele mesmo onde ele limpou o sangue do nariz no dia em que eles se conheceram. Fernando pede a Ana que o acompanhe, que saiam para jantar. No jantar, Ana descobre uma caixinha sob a mesa, e nela um anel. Ana e Fernando est\u00e3o escondidos, se beijando, enquanto Sebasti\u00e3o os procura fora da mans\u00e3o.<\/p>\n<p>Ana e Fernando entram na mans\u00e3o e as crian\u00e7as est\u00e3o os esperando para abrir outros presentes. Ana conta a Fanny que Fernando a presenteou com um lindo anel. Fanny diz a Edith que Leon n\u00e3o \u00e9 para ela, porque \u00e9 imaturo e resolve tudo com viol\u00eancia. Fanny fala com Fernando quanto a desilus\u00e3o que sofreu ao romper com Leon. Luz vai ao quarto de Ana para dormir com ela e Diego Nicolas. Yolanda fica triste porque Ramona foi embora e acaba brigando com Isabela, que amea\u00e7a mand\u00e1-la a um asilo. O aquecedor de \u00e1gua da mans\u00e3o quebra justo no momento em que Fernando est\u00e1 se banhando. Ana chama Johnny para que v\u00e1 a mans\u00e3o e o arrume. Isabela e Johnny chegam a mans\u00e3o ao mesmo tempo e Isabela fica impressionada ao tocar o bra\u00e7o de Johnny e notar que ele \u00e9 forte.<\/p>\n<p>Isabela chega para ver Diego Nicolas, mas n\u00e3o faz a menor ideia de como cuidar de um beb\u00ea. Alicia est\u00e1 se portando como um zumbi e seus irm\u00e3os menores ficam muito preocupados. Alicia os explica que est\u00e1 pensando em Pablo, e que esse comportamento \u00e9 caracter\u00edstico do amor. Pablo chega a mans\u00e3o Lascurain. Ana abre a porta e o v\u00ea chorando. Pablo conta a Ana que sua fam\u00edlia vai viver na Argentina. Ana chama Alicia e Pablo e os conta a m\u00e1 not\u00edcia. Ambos choram e se abra\u00e7am. Fernando entra e os v\u00ea. A princ\u00edpio ele se zanga, mas ao ouvir a not\u00edcia diz palavras doces de consolo, e todos terminam se abra\u00e7ando.<\/p>\n<p>(*) edi\u00e7\u00e3o do SBT, Novela \u201cMeu Cora\u00e7\u00e3o \u00e9 Teu\u201d, sujeito a altera\u00e7\u00e3o de data e conte\u00fado.<\/p>\n<p>Novela \u201cMeu Cora\u00e7\u00e3o \u00e9 Teu\u201d: Ana Leal \u00e9 uma mulher alegre e otimista. Um desastre destr\u00f3i sua casa e Ana perde tudo o que tem. Fernando Lascur\u00e1in, um prestigiado empres\u00e1rio que se lembra com tristeza que h\u00e1 um ano morreu sua esposa. Fernando \u00e9 o pai de sete filhos: Fanny de 19 anos, Nando de 17 anos, Alicia de 14 anos, Sebasti\u00e3o de 11 anos, os g\u00eameos Alex e Guille de 8 anos e a pequena Luz de 4 anos. Estes sete \u201cpequenos\u201d se encarregaram de fazer a vida de dezenas de bab\u00e1s imposs\u00edvel, mas Fernando precisa urgentemente de uma bab\u00e1 que cuide de seus filhos.<\/p>\n<p>As necessidades e a vontade de se superar, levam Ana a buscar outro trabalho. Sua falta de experi\u00eancia, e sua educa\u00e7\u00e3o prec\u00e1ria complicam o processo de ela encontrar um trabalho est\u00e1vel. Mas o destino tem algo preparado a ela: por uma confus\u00e3o, Ana termina chegando \u00e0 mans\u00e3o Lascur\u00e1in sem saber que l\u00e1 encontrar\u00e1 tudo o que sempre sonhou.<\/p>\n","protected":false},"excerpt":{"rendered":"<p>Resumo da novela \u201cMeu Cora\u00e7\u00e3o \u00e9 Teu\u201d em 18\/03 no cap\u00edtulo 098(*) da novela, quarta-feira, 18 de mar\u00e7o, Laura mente a Leon dizendo que Fanny a disse que n\u00e3o sentia mais amor por ele e que s\u00f3 esteve l\u00e1 por Mauricio e Margarida. Luz, Alex e Guille est\u00e3o escondidos para conseguirem uma foto do Papai [&hellip;]<\/p>\n","protected":false},"author":4,"featured_media":183928,"comment_status":"open","ping_status":"closed","sticky":false,"template":"","format":"standard","meta":{"tdm_status":"","tdm_grid_status":"","footnotes":""},"categories":[379,372,343],"tags":[],"class_list":{"0":"post-190235","1":"post","2":"type-post","3":"status-publish","4":"format-standard","5":"has-post-thumbnail","7":"category-novelas","8":"category-sbt","9":"category-televisao"},"_links":{"self":[{"href":"https:\/\/migracao.redenoticia.com.br\/noticia\/wp-json\/wp\/v2\/posts\/190235","targetHints":{"allow":["GET"]}}],"collection":[{"href":"https:\/\/migracao.redenoticia.com.br\/noticia\/wp-json\/wp\/v2\/posts"}],"about":[{"href":"https:\/\/migracao.redenoticia.com.br\/noticia\/wp-json\/wp\/v2\/types\/post"}],"author":[{"embeddable":true,"href":"https:\/\/migracao.redenoticia.com.br\/noticia\/wp-json\/wp\/v2\/users\/4"}],"replies":[{"embeddable":true,"href":"https:\/\/migracao.redenoticia.com.br\/noticia\/wp-json\/wp\/v2\/comments?post=190235"}],"version-history":[{"count":0,"href":"https:\/\/migracao.redenoticia.com.br\/noticia\/wp-json\/wp\/v2\/posts\/190235\/revisions"}],"wp:featuredmedia":[{"embeddable":true,"href":"https:\/\/migracao.redenoticia.com.br\/noticia\/wp-json\/wp\/v2\/media\/183928"}],"wp:attachment":[{"href":"https:\/\/migracao.redenoticia.com.br\/noticia\/wp-json\/wp\/v2\/media?parent=190235"}],"wp:term":[{"taxonomy":"category","embeddable":true,"href":"https:\/\/migracao.redenoticia.com.br\/noticia\/wp-json\/wp\/v2\/categories?post=190235"},{"taxonomy":"post_tag","embeddable":true,"href":"https:\/\/migracao.redenoticia.com.br\/noticia\/wp-json\/wp\/v2\/tags?post=190235"}],"curies":[{"name":"wp","href":"https:\/\/api.w.org\/{rel}","templated":true}]}}