{"id":1903,"date":"2009-05-22T21:46:31","date_gmt":"2009-05-23T01:46:31","guid":{"rendered":"http:\/\/www.redenoticia.com.br\/noticia\/?p=1903"},"modified":"2009-05-22T21:46:31","modified_gmt":"2009-05-23T01:46:31","slug":"rondonia-tera-feiras-agropecuarias-de-maio-a-novembro","status":"publish","type":"post","link":"https:\/\/migracao.redenoticia.com.br\/noticia\/2009\/rondonia-tera-feiras-agropecuarias-de-maio-a-novembro\/1903","title":{"rendered":"Rond\u00f4nia ter\u00e1 feiras agropecu\u00e1rias de maio a novembro"},"content":{"rendered":"<p><span style=\"font-family: Arial;\"><a href=\"https:\/\/migracao.redenoticia.com.br\/noticia\/imagens\/\/cavalgada.jpg\"><img loading=\"lazy\" decoding=\"async\" class=\"alignleft size-medium wp-image-1900\" title=\"cavalgada\" src=\"https:\/\/migracao.redenoticia.com.br\/noticia\/imagens\/\/cavalgada-249x187.jpg\" alt=\"cavalgada\" width=\"249\" height=\"187\" \/><\/a>O calend\u00e1rio dos eventos agropecu\u00e1rios de Rond\u00f4nia j\u00e1 foi divulgado pelo Minist\u00e9rio da Agricultura.<\/span><\/p>\n<p class=\"MsoNormal\" style=\"margin: 5pt 0cm; vertical-align: middle;\"><span style=\"font-family: Arial;\">S\u00e3o 15 munic\u00edpios e as festas v\u00e3o at\u00e9 novembro. <\/span><\/p>\n<p class=\"MsoNormal\" style=\"line-height: 15.6pt;\"><span style=\"font-family: Arial;\">As feiras agropecu\u00e1rias s\u00e3o fiscalizadas por \u00f3rg\u00e3os de sanidade animal e vegetal do Estado e, s\u00f3 assim s\u00e3o liberadas para a exposi\u00e7\u00e3o de animais e venda de produtos durante o evento.<a href=\"https:\/\/migracao.redenoticia.com.br\/noticia\/imagens\/\/exposicoes1.jpg\"><img loading=\"lazy\" decoding=\"async\" class=\"alignleft size-full wp-image-1902\" title=\"exposicoes1\" src=\"https:\/\/migracao.redenoticia.com.br\/noticia\/imagens\/\/exposicoes1.jpg\" alt=\"exposicoes1\" width=\"400\" height=\"300\" \/><\/a><\/span><\/p>\n","protected":false},"excerpt":{"rendered":"<p>O calend\u00e1rio dos eventos agropecu\u00e1rios de Rond\u00f4nia j\u00e1 foi divulgado pelo Minist\u00e9rio da Agricultura. S\u00e3o 15 munic\u00edpios e as festas v\u00e3o at\u00e9 novembro. As feiras agropecu\u00e1rias s\u00e3o fiscalizadas por \u00f3rg\u00e3os de sanidade animal e vegetal do Estado e, s\u00f3 assim s\u00e3o liberadas para a exposi\u00e7\u00e3o de animais e venda de produtos durante o evento.<\/p>\n","protected":false},"author":3,"featured_media":0,"comment_status":"open","ping_status":"open","sticky":false,"template":"","format":"standard","meta":{"tdm_status":"","tdm_grid_status":"","footnotes":""},"categories":[22],"tags":[],"class_list":{"0":"post-1903","1":"post","2":"type-post","3":"status-publish","4":"format-standard","6":"category-brasil"},"_links":{"self":[{"href":"https:\/\/migracao.redenoticia.com.br\/noticia\/wp-json\/wp\/v2\/posts\/1903","targetHints":{"allow":["GET"]}}],"collection":[{"href":"https:\/\/migracao.redenoticia.com.br\/noticia\/wp-json\/wp\/v2\/posts"}],"about":[{"href":"https:\/\/migracao.redenoticia.com.br\/noticia\/wp-json\/wp\/v2\/types\/post"}],"author":[{"embeddable":true,"href":"https:\/\/migracao.redenoticia.com.br\/noticia\/wp-json\/wp\/v2\/users\/3"}],"replies":[{"embeddable":true,"href":"https:\/\/migracao.redenoticia.com.br\/noticia\/wp-json\/wp\/v2\/comments?post=1903"}],"version-history":[{"count":0,"href":"https:\/\/migracao.redenoticia.com.br\/noticia\/wp-json\/wp\/v2\/posts\/1903\/revisions"}],"wp:attachment":[{"href":"https:\/\/migracao.redenoticia.com.br\/noticia\/wp-json\/wp\/v2\/media?parent=1903"}],"wp:term":[{"taxonomy":"category","embeddable":true,"href":"https:\/\/migracao.redenoticia.com.br\/noticia\/wp-json\/wp\/v2\/categories?post=1903"},{"taxonomy":"post_tag","embeddable":true,"href":"https:\/\/migracao.redenoticia.com.br\/noticia\/wp-json\/wp\/v2\/tags?post=1903"}],"curies":[{"name":"wp","href":"https:\/\/api.w.org\/{rel}","templated":true}]}}