{"id":190320,"date":"2020-03-18T12:17:12","date_gmt":"2020-03-18T15:17:12","guid":{"rendered":"https:\/\/www.redenoticia.com.br\/noticia\/?p=190320"},"modified":"2020-03-18T12:17:12","modified_gmt":"2020-03-18T15:17:12","slug":"resumo-novela-meu-coracao-e-teu-19-03-pablo-se-esconde-no-quarto-de-alicia","status":"publish","type":"post","link":"https:\/\/migracao.redenoticia.com.br\/noticia\/2020\/resumo-novela-meu-coracao-e-teu-19-03-pablo-se-esconde-no-quarto-de-alicia\/190320","title":{"rendered":"Resumo novela \u201cMeu Cora\u00e7\u00e3o \u00e9 Teu\u201d 19\/03: Pablo se esconde no quarto de Al\u00edcia"},"content":{"rendered":"<p><img loading=\"lazy\" decoding=\"async\" src=\"https:\/\/migracao.redenoticia.com.br\/noticia\/imagens\/meu-coracao-e-teu-300x300.jpg\" alt=\"\" width=\"300\" height=\"300\" class=\"aligncenter size-large wp-image-183929\" srcset=\"https:\/\/migracao.redenoticia.com.br\/noticia\/imagens\/meu-coracao-e-teu-300x300.jpg 300w, https:\/\/migracao.redenoticia.com.br\/noticia\/imagens\/meu-coracao-e-teu-187x187.jpg 187w, https:\/\/migracao.redenoticia.com.br\/noticia\/imagens\/meu-coracao-e-teu-150x150.jpg 150w, https:\/\/migracao.redenoticia.com.br\/noticia\/imagens\/meu-coracao-e-teu-140x140.jpg 140w, https:\/\/migracao.redenoticia.com.br\/noticia\/imagens\/meu-coracao-e-teu-85x85.jpg 85w, https:\/\/migracao.redenoticia.com.br\/noticia\/imagens\/meu-coracao-e-teu.jpg 500w\" sizes=\"auto, (max-width: 300px) 100vw, 300px\" \/><\/p>\n<p><strong><em>Resumo da novela \u201cMeu Cora\u00e7\u00e3o \u00e9 Teu\u201d<\/em><\/strong> em 19\/03 no cap\u00edtulo 099(*) da novela, quinta-feira, 19 de mar\u00e7o, Bruno procura Zeus porque ele foi comprar uma resist\u00eancia para o aquecedor de \u00e1gua e n\u00e3o voltou. Zeus, na verdade, foi a um sal\u00e3o de beleza. Perla escuta que Leon e Laura v\u00e3o comer juntos e pergunta por Fanny. Isabela se sente atra\u00edda por Johnny e ele, percebendo o interesse, exibe seu corpo. Pablo e Alicia continuam a chorar. Todos veem Pablo indo da mans\u00e3o. Edith convida Nando para ir a sua casa para que possam ter privacidade. Ana chama Angel porque Diego Nicolas n\u00e3o para de chorar. No consult\u00f3rio, Ana conhece Magda. Leon diz a Laura que Henrique saiu do coma, mas que ficou louco. Laura visita Henrique no hospital e ele tenta enforc\u00e1-la. O meio irm\u00e3o de Pablo, Axel, vai a mans\u00e3o para v\u00ea-lo, mas descobre que ele j\u00e1 se foi.<\/p>\n<p>Na realidade, depois de sair da mans\u00e3o, Pablo se escondeu no quarto de Alicia para v\u00ea-la. Fanny e L\u00eanin v\u00e3o ver Jennifer. Axel explica a Ana que ele \u00e9 um cantor de muito sucesso na Am\u00e9rica latina, e por isso Pablo e sua fam\u00edlia se mudar\u00e3o para l\u00e1. Pablo encontra Alicia e diz que pretende ficar escondido ali para n\u00e3o precisar ir embora. Fernando chega a mans\u00e3o e conhece Axel. Alicia convence Pablo a sair de seu esconderijo. Nando chega ao quarto de Edith com um buqu\u00ea de flores. Pablo sai do quarto de Alicia e diz a Axel o porqu\u00ea de n\u00e3o querer ir para a Argentina. Axel o responde que eles precisam ir, pois sua carreira na Am\u00e9rica latina \u00e9 o que sustenta a fam\u00edlia.<\/p>\n<p>Finalmente, Alicia e Pablo se despedem. Ela fica arrasada. Edith diz a Nando que eles devem ir devagar na rela\u00e7\u00e3o, pois ela teve uma m\u00e1 experi\u00eancia e pretende superar esse trauma. Nando a entende e, docemente, eles come\u00e7am a fazer amor. Nando diz a Edith que ela deveria buscar ajuda profissional para poder superar esse trauma. Isabela ainda est\u00e1 pensando em Johnny. Ela se surpreende ao ver Yolanda arrumada para sair e a m\u00e3e a diz que ir\u00e1 se encontrar com Soledade. Isabela se zanga e diz que a m\u00e3e \u00e9 uma traidora.<br \/>\n(*) edi\u00e7\u00e3o do SBT, Novela \u201cMeu Cora\u00e7\u00e3o \u00e9 Teu\u201d, sujeito a altera\u00e7\u00e3o de data e conte\u00fado.<\/p>\n<p>Novela \u201cMeu Cora\u00e7\u00e3o \u00e9 Teu\u201d: Ana Leal \u00e9 uma mulher alegre e otimista. Um desastre destr\u00f3i sua casa e Ana perde tudo o que tem. Fernando Lascur\u00e1in, um prestigiado empres\u00e1rio que se lembra com tristeza que h\u00e1 um ano morreu sua esposa. Fernando \u00e9 o pai de sete filhos: Fanny de 19 anos, Nando de 17 anos, Alicia de 14 anos, Sebasti\u00e3o de 11 anos, os g\u00eameos Alex e Guille de 8 anos e a pequena Luz de 4 anos. Estes sete \u201cpequenos\u201d se encarregaram de fazer a vida de dezenas de bab\u00e1s imposs\u00edvel, mas Fernando precisa urgentemente de uma bab\u00e1 que cuide de seus filhos.<\/p>\n<p>As necessidades e a vontade de se superar, levam Ana a buscar outro trabalho. Sua falta de experi\u00eancia, e sua educa\u00e7\u00e3o prec\u00e1ria complicam o processo de ela encontrar um trabalho est\u00e1vel. Mas o destino tem algo preparado a ela: por uma confus\u00e3o, Ana termina chegando \u00e0 mans\u00e3o Lascur\u00e1in sem saber que l\u00e1 encontrar\u00e1 tudo o que sempre sonhou.<\/p>\n","protected":false},"excerpt":{"rendered":"<p>Resumo da novela \u201cMeu Cora\u00e7\u00e3o \u00e9 Teu\u201d em 19\/03 no cap\u00edtulo 099(*) da novela, quinta-feira, 19 de mar\u00e7o, Bruno procura Zeus porque ele foi comprar uma resist\u00eancia para o aquecedor de \u00e1gua e n\u00e3o voltou. Zeus, na verdade, foi a um sal\u00e3o de beleza. Perla escuta que Leon e Laura v\u00e3o comer juntos e pergunta [&hellip;]<\/p>\n","protected":false},"author":4,"featured_media":183928,"comment_status":"open","ping_status":"closed","sticky":false,"template":"","format":"standard","meta":{"tdm_status":"","tdm_grid_status":"","footnotes":""},"categories":[379,372,343],"tags":[441],"class_list":{"0":"post-190320","1":"post","2":"type-post","3":"status-publish","4":"format-standard","5":"has-post-thumbnail","7":"category-novelas","8":"category-sbt","9":"category-televisao","10":"tag-resumo-do-dia"},"_links":{"self":[{"href":"https:\/\/migracao.redenoticia.com.br\/noticia\/wp-json\/wp\/v2\/posts\/190320","targetHints":{"allow":["GET"]}}],"collection":[{"href":"https:\/\/migracao.redenoticia.com.br\/noticia\/wp-json\/wp\/v2\/posts"}],"about":[{"href":"https:\/\/migracao.redenoticia.com.br\/noticia\/wp-json\/wp\/v2\/types\/post"}],"author":[{"embeddable":true,"href":"https:\/\/migracao.redenoticia.com.br\/noticia\/wp-json\/wp\/v2\/users\/4"}],"replies":[{"embeddable":true,"href":"https:\/\/migracao.redenoticia.com.br\/noticia\/wp-json\/wp\/v2\/comments?post=190320"}],"version-history":[{"count":0,"href":"https:\/\/migracao.redenoticia.com.br\/noticia\/wp-json\/wp\/v2\/posts\/190320\/revisions"}],"wp:featuredmedia":[{"embeddable":true,"href":"https:\/\/migracao.redenoticia.com.br\/noticia\/wp-json\/wp\/v2\/media\/183928"}],"wp:attachment":[{"href":"https:\/\/migracao.redenoticia.com.br\/noticia\/wp-json\/wp\/v2\/media?parent=190320"}],"wp:term":[{"taxonomy":"category","embeddable":true,"href":"https:\/\/migracao.redenoticia.com.br\/noticia\/wp-json\/wp\/v2\/categories?post=190320"},{"taxonomy":"post_tag","embeddable":true,"href":"https:\/\/migracao.redenoticia.com.br\/noticia\/wp-json\/wp\/v2\/tags?post=190320"}],"curies":[{"name":"wp","href":"https:\/\/api.w.org\/{rel}","templated":true}]}}