{"id":190367,"date":"2020-03-19T12:26:37","date_gmt":"2020-03-19T15:26:37","guid":{"rendered":"https:\/\/www.redenoticia.com.br\/noticia\/?p=190367"},"modified":"2020-03-19T12:26:37","modified_gmt":"2020-03-19T15:26:37","slug":"resumo-novela-meu-coracao-e-teu-20-03-ana-se-surpreende-ao-ver-isabela-e-yolanda-na-ceia-de-ano-novo","status":"publish","type":"post","link":"https:\/\/migracao.redenoticia.com.br\/noticia\/2020\/resumo-novela-meu-coracao-e-teu-20-03-ana-se-surpreende-ao-ver-isabela-e-yolanda-na-ceia-de-ano-novo\/190367","title":{"rendered":"Resumo novela \u201cMeu Cora\u00e7\u00e3o \u00e9 Teu\u201d 20\/03: Ana se surpreende ao ver Isabela e Yolanda na ceia de ano novo"},"content":{"rendered":"<p><img loading=\"lazy\" decoding=\"async\" src=\"https:\/\/migracao.redenoticia.com.br\/noticia\/imagens\/meu-coracao-e-teu-300x300.jpg\" alt=\"\" width=\"300\" height=\"300\" class=\"aligncenter size-large wp-image-183929\" srcset=\"https:\/\/migracao.redenoticia.com.br\/noticia\/imagens\/meu-coracao-e-teu-300x300.jpg 300w, https:\/\/migracao.redenoticia.com.br\/noticia\/imagens\/meu-coracao-e-teu-187x187.jpg 187w, https:\/\/migracao.redenoticia.com.br\/noticia\/imagens\/meu-coracao-e-teu-150x150.jpg 150w, https:\/\/migracao.redenoticia.com.br\/noticia\/imagens\/meu-coracao-e-teu-140x140.jpg 140w, https:\/\/migracao.redenoticia.com.br\/noticia\/imagens\/meu-coracao-e-teu-85x85.jpg 85w, https:\/\/migracao.redenoticia.com.br\/noticia\/imagens\/meu-coracao-e-teu.jpg 500w\" sizes=\"auto, (max-width: 300px) 100vw, 300px\" \/><\/p>\n<p><strong><em>Resumo da novela \u201cMeu Cora\u00e7\u00e3o \u00e9 Teu\u201d<\/em><\/strong> em 20\/03 no cap\u00edtulo 100(*) da novela, sexta-feira, 20 de mar\u00e7o, Fernando culpa Ana pela tristeza de Alicia. Fanny e L\u00eanin est\u00e3o na mans\u00e3o. L\u00eanin diz que nunca conheceu algu\u00e9m t\u00e3o especial quanto Fanny. Laura ensina Mauricio a jogar domin\u00f3 na casa de Angel. Bruno se arruma para sair com Beatriz. Fernando e Fanny conversam e ela descobre que seu pai culpou Ana pelo problema de Alicia. Fanny convence o pai que ele agiu mal e pede que ele se desculpe com Ana. Angel pede a Magda que deixe de question\u00e1-lo por coisas de sua vida, j\u00e1 que ele deixou de confiar nela depois de tudo que passaram juntos. Fernando entra no quarto de Ana para pedir-lhe perd\u00e3o. Ainda dormindo, Ana reage a invas\u00e3o de Fernando com uma bofetada.<\/p>\n<p>Yolanda diz a Soledade que teme o que Isabela possa fazer, pois sua alma est\u00e1 envenenada. Ana e Fernando se reconciliam na cozinha e se beijam. Nando e Edith os surpreendem. Soledade diz a Ana que foi tomar um caf\u00e9 com Yolanda e ela mostrou um outro lado, at\u00e9 ent\u00e3o desconhecido. Ana diz a m\u00e3e que ainda desconfia de Yolanda, pois m\u00e3e e filha sempre foram iguais. Nando recebe um e-mail de Helena em que ela lhe deseja feliz ano novo e afirma que seu tratamento terminar\u00e1 logo, que tem muita vontade de v\u00ea-lo, e n\u00e3o deixou de am\u00e1-lo. O advogado Torres e Fernando conversam sobre o qu\u00e3o triste \u00e9 a situa\u00e7\u00e3o de Henrique. Alicia est\u00e1 deprimida e isso come\u00e7a a preocupar Ana, que pede ajuda a Angel. Angel a encaminha a uma psic\u00f3loga especializada em jovens.<\/p>\n<p>Edith conta para Fanny o que ocorreu na noite anterior com Nando e, ainda que tenha sido muito lindo, reconhece que precisa de ajuda para superar seu trauma. Nando est\u00e1 confuso com o e-mail de Helena e fala com Ana que n\u00e3o tem a menor ideia do que far\u00e1. Fanny diz a Johnny e a Jennifer que eles poderiam adotar um beb\u00ea da &#8220;Casa das Mercedes&#8221;, mas que para isso teriam que se casar. Fanny convida L\u00eanin para a ceia de ano novo. L\u00eanin aceita. Quando Laura diz a Leon o ocorrido com Henrique, aproveita para tamb\u00e9m revelar que est\u00e1 apaixonada por ele. Ana se d\u00e1 conta que existe algo entre Bruno e Beatriz. Ana se surpreende ao ver Isabela chegar com Yolanda para a ceia de ano novo. Isabela diz que tem direito de passar esse dia especial ao lado de seu filho.<\/p>\n<p>(*) edi\u00e7\u00e3o do SBT, Novela \u201cMeu Cora\u00e7\u00e3o \u00e9 Teu\u201d, sujeito a altera\u00e7\u00e3o de data e conte\u00fado.<\/p>\n<p>Novela \u201cMeu Cora\u00e7\u00e3o \u00e9 Teu\u201d: Ana Leal \u00e9 uma mulher alegre e otimista. Um desastre destr\u00f3i sua casa e Ana perde tudo o que tem. Fernando Lascur\u00e1in, um prestigiado empres\u00e1rio que se lembra com tristeza que h\u00e1 um ano morreu sua esposa. Fernando \u00e9 o pai de sete filhos: Fanny de 19 anos, Nando de 17 anos, Alicia de 14 anos, Sebasti\u00e3o de 11 anos, os g\u00eameos Alex e Guille de 8 anos e a pequena Luz de 4 anos. Estes sete \u201cpequenos\u201d se encarregaram de fazer a vida de dezenas de bab\u00e1s imposs\u00edvel, mas Fernando precisa urgentemente de uma bab\u00e1 que cuide de seus filhos.<\/p>\n<p>As necessidades e a vontade de se superar, levam Ana a buscar outro trabalho. Sua falta de experi\u00eancia, e sua educa\u00e7\u00e3o prec\u00e1ria complicam o processo de ela encontrar um trabalho est\u00e1vel. Mas o destino tem algo preparado a ela: por uma confus\u00e3o, Ana termina chegando \u00e0 mans\u00e3o Lascur\u00e1in sem saber que l\u00e1 encontrar\u00e1 tudo o que sempre sonhou.<\/p>\n","protected":false},"excerpt":{"rendered":"<p>Resumo da novela \u201cMeu Cora\u00e7\u00e3o \u00e9 Teu\u201d em 20\/03 no cap\u00edtulo 100(*) da novela, sexta-feira, 20 de mar\u00e7o, Fernando culpa Ana pela tristeza de Alicia. Fanny e L\u00eanin est\u00e3o na mans\u00e3o. L\u00eanin diz que nunca conheceu algu\u00e9m t\u00e3o especial quanto Fanny. Laura ensina Mauricio a jogar domin\u00f3 na casa de Angel. Bruno se arruma para [&hellip;]<\/p>\n","protected":false},"author":4,"featured_media":183928,"comment_status":"open","ping_status":"closed","sticky":false,"template":"","format":"standard","meta":{"tdm_status":"","tdm_grid_status":"","footnotes":""},"categories":[379,372,343],"tags":[441],"class_list":{"0":"post-190367","1":"post","2":"type-post","3":"status-publish","4":"format-standard","5":"has-post-thumbnail","7":"category-novelas","8":"category-sbt","9":"category-televisao","10":"tag-resumo-do-dia"},"_links":{"self":[{"href":"https:\/\/migracao.redenoticia.com.br\/noticia\/wp-json\/wp\/v2\/posts\/190367","targetHints":{"allow":["GET"]}}],"collection":[{"href":"https:\/\/migracao.redenoticia.com.br\/noticia\/wp-json\/wp\/v2\/posts"}],"about":[{"href":"https:\/\/migracao.redenoticia.com.br\/noticia\/wp-json\/wp\/v2\/types\/post"}],"author":[{"embeddable":true,"href":"https:\/\/migracao.redenoticia.com.br\/noticia\/wp-json\/wp\/v2\/users\/4"}],"replies":[{"embeddable":true,"href":"https:\/\/migracao.redenoticia.com.br\/noticia\/wp-json\/wp\/v2\/comments?post=190367"}],"version-history":[{"count":0,"href":"https:\/\/migracao.redenoticia.com.br\/noticia\/wp-json\/wp\/v2\/posts\/190367\/revisions"}],"wp:featuredmedia":[{"embeddable":true,"href":"https:\/\/migracao.redenoticia.com.br\/noticia\/wp-json\/wp\/v2\/media\/183928"}],"wp:attachment":[{"href":"https:\/\/migracao.redenoticia.com.br\/noticia\/wp-json\/wp\/v2\/media?parent=190367"}],"wp:term":[{"taxonomy":"category","embeddable":true,"href":"https:\/\/migracao.redenoticia.com.br\/noticia\/wp-json\/wp\/v2\/categories?post=190367"},{"taxonomy":"post_tag","embeddable":true,"href":"https:\/\/migracao.redenoticia.com.br\/noticia\/wp-json\/wp\/v2\/tags?post=190367"}],"curies":[{"name":"wp","href":"https:\/\/api.w.org\/{rel}","templated":true}]}}