{"id":190500,"date":"2020-03-24T23:45:21","date_gmt":"2020-03-25T02:45:21","guid":{"rendered":"https:\/\/www.redenoticia.com.br\/noticia\/?p=190500"},"modified":"2020-04-07T23:12:01","modified_gmt":"2020-04-08T02:12:01","slug":"bbb-20-resultado-enquete-votacao-em-daniel-flayslane-e-ivy-movimenta-o-paredao","status":"publish","type":"post","link":"https:\/\/migracao.redenoticia.com.br\/noticia\/2020\/bbb-20-resultado-enquete-votacao-em-daniel-flayslane-e-ivy-movimenta-o-paredao\/190500","title":{"rendered":"\u201cBBB\u201d 20 resultado enquete: vota\u00e7\u00e3o em Daniel, Flay e Ivy movimentou o pared\u00e3o"},"content":{"rendered":"<p><img loading=\"lazy\" decoding=\"async\" class=\"aligncenter size-large wp-image-166033\" src=\"https:\/\/migracao.redenoticia.com.br\/noticia\/imagens\/BBB-enquete-votacao-400x205.jpg\" alt=\"\" width=\"400\" height=\"205\" srcset=\"https:\/\/migracao.redenoticia.com.br\/noticia\/imagens\/BBB-enquete-votacao-400x205.jpg 400w, https:\/\/migracao.redenoticia.com.br\/noticia\/imagens\/BBB-enquete-votacao-250x128.jpg 250w, https:\/\/migracao.redenoticia.com.br\/noticia\/imagens\/BBB-enquete-votacao-768x393.jpg 768w, https:\/\/migracao.redenoticia.com.br\/noticia\/imagens\/BBB-enquete-votacao-696x356.jpg 696w, https:\/\/migracao.redenoticia.com.br\/noticia\/imagens\/BBB-enquete-votacao-150x77.jpg 150w, https:\/\/migracao.redenoticia.com.br\/noticia\/imagens\/BBB-enquete-votacao-560x287.jpg 560w, https:\/\/migracao.redenoticia.com.br\/noticia\/imagens\/BBB-enquete-votacao.jpg 885w\" sizes=\"auto, (max-width: 400px) 100vw, 400px\" \/><\/p>\n<p><em><strong>\u201cBBB&#8221; 20 vota\u00e7\u00e3o e resultado da enquete Daniel, Flayslane e Ivy:<\/strong><\/em> em 24\/03, Tiago anunciou o resultado do pared\u00e3o votado pelo p\u00fablico. Daniel recebeu 80,82% dos votos v\u00e1lidos e deixou o programa. Ivy e Flay permanecem na disputa. Tudo come\u00e7ou em 22\/03, quando Tiago informou que Daniel sofreu as consequencias da prova do L\u00edder, est\u00e1 no Pared\u00e3o, e que Mari ganhou imunidade. O Anjo Rafa imunizou Gabi. <\/p>\n<div class=\"destaques\">\n<h5>Destaques:<\/h5>\n<p><a href=\"https:\/\/migracao.redenoticia.com.br\/noticia\/2020\/bbb-20-resultado-enquete-votacao-em-babu-gabi-ou-thelma-movimenta-o-paredao\/191017\">\u201cBBB\u201d 20 resultado enquete: vota\u00e7\u00e3o em Babu, Gabi ou Thelma movimentou o pared\u00e3o<\/a><\/p>\n<\/div>\n<p>A L\u00edder Thelma indicou Flayslane para o pared\u00e3o. Na vota\u00e7\u00e3o aberta da casa, Felipe recebeu a maioria das indica\u00e7\u00f5es. Ele indicou Ivy para disputar o bate e volta com ele e Daniel. Felipe se livrou do pared\u00e3o. Daniel, Flayslane e Ivy disputaram a perman\u00eancia na casa. A vota\u00e7\u00e3o do p\u00fablico aconteceu at\u00e9 o programa ao vivo \u201cBBB&#8221; 20 desta ter\u00e7a-feira, 24\/03. Veja o resultado da vota\u00e7\u00e3o na enquete:<\/p>\n<p><script type=\"text\/javascript\" charset=\"utf-8\" data-cfasync=\"false\" src=\"https:\/\/secure.polldaddy.com\/p\/10524462.js\"><\/script><br \/>\n<noscript><a href=\"https:\/\/poll.fm\/10524462\">Quem deve sair no Pared\u00e3o \u201cBBB\u201d 20? Daniel, Flayslane e Ivy<\/a><\/noscript><\/p>\n<p>Vota\u00e7\u00e3o da casa: Daniel, Rafa, Manu, Mari e Gabi votaram no Felipe. Babu e Felipe votaram na Ivy. Flayslane votou na Gizelly. Marcela, Ivy e Gizelly votaram no Babu.<\/p>\n<div class=\"destaques\">\n<h5>Destaques:<\/h5>\n<p><a href=\"https:\/\/migracao.redenoticia.com.br\/noticia\/2020\/bbb-20-resultado-da-enquete-quem-merece-vencer-o-programa\/187630\">\u201cBBB\u201d 20 resultado da enquete: quem merece vencer o programa<\/a><br \/>\n<a href=\"https:\/\/migracao.redenoticia.com.br\/noticia\/2020\/bbb-20-prova-do-anjo-e-castigo-do-monstro\/187601\">&#8220;BBB&#8221; 20: prova do Anjo e Castigo do Monstro<\/a><br \/>\n<a href=\"https:\/\/migracao.redenoticia.com.br\/noticia\/2020\/bbb-20-ultimas-noticias\/186971\">&#8220;BBB&#8221; 20 \u00faltimas not\u00edcias<\/a><\/p>\n<\/div>\n<p>A vota\u00e7\u00e3o oficial acontece no site do programa.<\/p>\n<p>&#8212;<br \/>\nOs inscritos selecionados para o grupo Pipoca: o arquiteto Felipe Prior, a cantora Flayslane Lane, advogada Gizelly Bicalho, o modelo Guilherme Napolitano, o ex-jogador Hadson Nery, o fisioterapeuta Lucas Gallina, as m\u00e9dicas Marcela Mc Gowan e Thelma Assis e o psic\u00f3logo Victor Hugo. O ator Babu Santana, as influenciadoras Bianca Andrade, Mari Gonzalez e Rafa Kalimann, as cantoras Gabi Martins e Manu Gavassi, o youtuber hipn\u00f3logo Pyong Lee, o surfista Lucas Chumbo e o ginasta Petrix Barbosa foram convidados e formaram grupo Camarote. Daniel e Ivy venceram a disputa da Casa de Vidro e entraram na casa em 04\/02.<\/p>\n<p>Fonte e imagem &#8220;BBB&#8221; 20 Rede Globo &#8211; vota\u00e7\u00e3o enquete<\/p>\n","protected":false},"excerpt":{"rendered":"<p>\u201cBBB&#8221; 20 vota\u00e7\u00e3o e resultado da enquete Daniel, Flayslane e Ivy: em 24\/03, Tiago anunciou o resultado do pared\u00e3o votado pelo p\u00fablico. Daniel recebeu 80,82% dos votos v\u00e1lidos e deixou o programa. Ivy e Flay permanecem na disputa. Tudo come\u00e7ou em 22\/03, quando Tiago informou que Daniel sofreu as consequencias da prova do L\u00edder, est\u00e1 [&hellip;]<\/p>\n","protected":false},"author":2,"featured_media":166031,"comment_status":"open","ping_status":"closed","sticky":false,"template":"","format":"standard","meta":{"tdm_status":"","tdm_grid_status":"","footnotes":""},"categories":[554,520,388,375,343],"tags":[466,521],"class_list":{"0":"post-190500","1":"post","2":"type-post","3":"status-publish","4":"format-standard","5":"has-post-thumbnail","7":"category-bbb-20","8":"category-big-brother-brasil","9":"category-destaques","10":"category-rede-globo","11":"category-televisao","12":"tag-bbb","13":"tag-enquete"},"_links":{"self":[{"href":"https:\/\/migracao.redenoticia.com.br\/noticia\/wp-json\/wp\/v2\/posts\/190500","targetHints":{"allow":["GET"]}}],"collection":[{"href":"https:\/\/migracao.redenoticia.com.br\/noticia\/wp-json\/wp\/v2\/posts"}],"about":[{"href":"https:\/\/migracao.redenoticia.com.br\/noticia\/wp-json\/wp\/v2\/types\/post"}],"author":[{"embeddable":true,"href":"https:\/\/migracao.redenoticia.com.br\/noticia\/wp-json\/wp\/v2\/users\/2"}],"replies":[{"embeddable":true,"href":"https:\/\/migracao.redenoticia.com.br\/noticia\/wp-json\/wp\/v2\/comments?post=190500"}],"version-history":[{"count":0,"href":"https:\/\/migracao.redenoticia.com.br\/noticia\/wp-json\/wp\/v2\/posts\/190500\/revisions"}],"wp:featuredmedia":[{"embeddable":true,"href":"https:\/\/migracao.redenoticia.com.br\/noticia\/wp-json\/wp\/v2\/media\/166031"}],"wp:attachment":[{"href":"https:\/\/migracao.redenoticia.com.br\/noticia\/wp-json\/wp\/v2\/media?parent=190500"}],"wp:term":[{"taxonomy":"category","embeddable":true,"href":"https:\/\/migracao.redenoticia.com.br\/noticia\/wp-json\/wp\/v2\/categories?post=190500"},{"taxonomy":"post_tag","embeddable":true,"href":"https:\/\/migracao.redenoticia.com.br\/noticia\/wp-json\/wp\/v2\/tags?post=190500"}],"curies":[{"name":"wp","href":"https:\/\/api.w.org\/{rel}","templated":true}]}}