{"id":190536,"date":"2020-03-23T14:44:02","date_gmt":"2020-03-23T17:44:02","guid":{"rendered":"https:\/\/www.redenoticia.com.br\/noticia\/?p=190536"},"modified":"2020-03-23T14:44:02","modified_gmt":"2020-03-23T17:44:02","slug":"resumo-novela-fina-estampa-24-03-griselda-repreende-antenor","status":"publish","type":"post","link":"https:\/\/migracao.redenoticia.com.br\/noticia\/2020\/resumo-novela-fina-estampa-24-03-griselda-repreende-antenor\/190536","title":{"rendered":"Resumo novela \u201cFina Estampa\u201d 24\/03: Griselda repreende Antenor"},"content":{"rendered":"<p><img loading=\"lazy\" decoding=\"async\" class=\"aligncenter size-large wp-image-190230\" src=\"https:\/\/migracao.redenoticia.com.br\/noticia\/imagens\/fina-estampa-303x300.jpg\" alt=\"\" width=\"303\" height=\"300\" srcset=\"https:\/\/migracao.redenoticia.com.br\/noticia\/imagens\/fina-estampa-303x300.jpg 303w, https:\/\/migracao.redenoticia.com.br\/noticia\/imagens\/fina-estampa-189x187.jpg 189w, https:\/\/migracao.redenoticia.com.br\/noticia\/imagens\/fina-estampa-768x760.jpg 768w, https:\/\/migracao.redenoticia.com.br\/noticia\/imagens\/fina-estampa-150x150.jpg 150w, https:\/\/migracao.redenoticia.com.br\/noticia\/imagens\/fina-estampa-141x140.jpg 141w, https:\/\/migracao.redenoticia.com.br\/noticia\/imagens\/fina-estampa-86x85.jpg 86w, https:\/\/migracao.redenoticia.com.br\/noticia\/imagens\/fina-estampa-696x689.jpg 696w, https:\/\/migracao.redenoticia.com.br\/noticia\/imagens\/fina-estampa.jpg 800w\" sizes=\"auto, (max-width: 303px) 100vw, 303px\" \/><\/p>\n<p><em><strong>Resumo novela \u201cFina Estampa\u201d 24\/03<\/strong><\/em>: no cap\u00edtulo 002(*) da novela, ter\u00e7a-feira, 24 de mar\u00e7o, Antenor chega \u00e0 casa de Patr\u00edcia e n\u00e3o percebe que sua m\u00e3e est\u00e1 no jardim. Patr\u00edcia avisa ao pai que convidou Vanessa para o jantar. Rafael avisa a Antenor que ele precisa devolver a moto que pegou emprestada. Tereza Cristina conversa com Griselda. Tereza Cristina culpa Cr\u00f4 por Patr\u00edcia ter convidado Vanessa para o jantar. Daniel avisa a Antenor que Griselda esteve na mans\u00e3o e ele se preocupa. Guaracy corteja Griselda, que n\u00e3o lhe d\u00e1 aten\u00e7\u00e3o.<\/p>\n<p>Ren\u00ea contraria Tereza Cristina e pede que Vanessa v\u00e1 ao Le Velmont fazer uma entrevista para o cargo de recepcionista. Tereza Cristina exige que a m\u00e3e de Antenor esteja presente na festa oficial de noivado de sua filha. Griselda procura Celeste. Antenor devolve a moto para Rafael e pede sua ajuda para continuar mantendo a hist\u00f3ria para Patr\u00edcia. Griselda repreende Antenor por t\u00ea-la destratado na faculdade.<\/p>\n<p>(*) edi\u00e7\u00e3o da Rede Globo, Novela \u201cFina Estampa\u201d, sujeito a altera\u00e7\u00e3o de data e conte\u00fado.<\/p>\n<p>Sinopse \u201cFina Estampa\u201d: A vi\u00fava Griselda, conhecida como Pereir\u00e3o, trabalha como faz-tudo para sustentar seus tr\u00eas filhos. J\u00e1 Tereza Cristina \u00e9 uma socialite que acredita ter a vida perfeita. Seus destinos se cruzam por acaso e tudo muda quando Griselda ganha 30 milh\u00f5es.<\/p>\n","protected":false},"excerpt":{"rendered":"<p>Resumo novela \u201cFina Estampa\u201d 24\/03: no cap\u00edtulo 002(*) da novela, ter\u00e7a-feira, 24 de mar\u00e7o, Antenor chega \u00e0 casa de Patr\u00edcia e n\u00e3o percebe que sua m\u00e3e est\u00e1 no jardim. Patr\u00edcia avisa ao pai que convidou Vanessa para o jantar. Rafael avisa a Antenor que ele precisa devolver a moto que pegou emprestada. Tereza Cristina conversa [&hellip;]<\/p>\n","protected":false},"author":4,"featured_media":190232,"comment_status":"open","ping_status":"closed","sticky":false,"template":"","format":"standard","meta":{"tdm_status":"","tdm_grid_status":"","footnotes":""},"categories":[555,379,375,343],"tags":[441],"class_list":{"0":"post-190536","1":"post","2":"type-post","3":"status-publish","4":"format-standard","5":"has-post-thumbnail","7":"category-fina-estampa","8":"category-novelas","9":"category-rede-globo","10":"category-televisao","11":"tag-resumo-do-dia"},"_links":{"self":[{"href":"https:\/\/migracao.redenoticia.com.br\/noticia\/wp-json\/wp\/v2\/posts\/190536","targetHints":{"allow":["GET"]}}],"collection":[{"href":"https:\/\/migracao.redenoticia.com.br\/noticia\/wp-json\/wp\/v2\/posts"}],"about":[{"href":"https:\/\/migracao.redenoticia.com.br\/noticia\/wp-json\/wp\/v2\/types\/post"}],"author":[{"embeddable":true,"href":"https:\/\/migracao.redenoticia.com.br\/noticia\/wp-json\/wp\/v2\/users\/4"}],"replies":[{"embeddable":true,"href":"https:\/\/migracao.redenoticia.com.br\/noticia\/wp-json\/wp\/v2\/comments?post=190536"}],"version-history":[{"count":0,"href":"https:\/\/migracao.redenoticia.com.br\/noticia\/wp-json\/wp\/v2\/posts\/190536\/revisions"}],"wp:featuredmedia":[{"embeddable":true,"href":"https:\/\/migracao.redenoticia.com.br\/noticia\/wp-json\/wp\/v2\/media\/190232"}],"wp:attachment":[{"href":"https:\/\/migracao.redenoticia.com.br\/noticia\/wp-json\/wp\/v2\/media?parent=190536"}],"wp:term":[{"taxonomy":"category","embeddable":true,"href":"https:\/\/migracao.redenoticia.com.br\/noticia\/wp-json\/wp\/v2\/categories?post=190536"},{"taxonomy":"post_tag","embeddable":true,"href":"https:\/\/migracao.redenoticia.com.br\/noticia\/wp-json\/wp\/v2\/tags?post=190536"}],"curies":[{"name":"wp","href":"https:\/\/api.w.org\/{rel}","templated":true}]}}