{"id":1907,"date":"2009-06-08T21:55:54","date_gmt":"2009-06-09T01:55:54","guid":{"rendered":"http:\/\/www.redenoticia.com.br\/noticia\/?p=1907"},"modified":"2009-06-08T22:37:37","modified_gmt":"2009-06-09T02:37:37","slug":"sbpc-aprova-100-dos-artigos-cientificos-de-servico-social","status":"publish","type":"post","link":"https:\/\/migracao.redenoticia.com.br\/noticia\/2009\/sbpc-aprova-100-dos-artigos-cientificos-de-servico-social\/1907","title":{"rendered":"SBPC aprova 100% dos artigos cient\u00edficos de Servi\u00e7o Social"},"content":{"rendered":"<p class=\"MsoNormal\" style=\"background: #9dd8e5 none repeat scroll 0%; line-height: 15.6pt;\"><span style=\"font-family: Arial; display: none;\"> <\/span><\/p>\n<p class=\"MsoNormal\" style=\"margin-bottom: 3.75pt; line-height: 15.6pt;\"><span style=\"font-family: Arial;\"><a href=\"https:\/\/migracao.redenoticia.com.br\/noticia\/imagens\/\/dest3servsocil.jpg\"><img loading=\"lazy\" decoding=\"async\" class=\"alignleft size-full wp-image-1906\" title=\"dest3servsocil\" src=\"https:\/\/migracao.redenoticia.com.br\/noticia\/imagens\/\/dest3servsocil.jpg\" alt=\"dest3servsocil\" width=\"150\" height=\"113\" \/><\/a>O curso de Servi\u00e7o Social ULBRA de Ji-Paran\u00e1 teve 100% de seus artigos cient\u00edficos aprovados pela SBPC (Sociedade Brasileira para o Progresso da Ci\u00eancia), que realizar\u00e1, no per\u00edodo 12 a 17 de julho, a 61\u00aa reuni\u00e3o anual com o tema: \u201cAmaz\u00f4nia Ci\u00eancia e Cultura\u201d, em Manaus-AM.<\/span><\/p>\n<p class=\"MsoNormal\" style=\"margin-bottom: 3.75pt; line-height: 15.6pt;\"><span style=\"font-family: Arial;\">Segundo a coordenadora do curso de Servi\u00e7o Social, professora Dulce Teresinha Heineck, foram enviados nove trabalhos interdisciplinares, envolvendo oito professores e 45 acad\u00eamicos. \u201cIsso demonstra que nossa forma\u00e7\u00e3o \u00e9 de qualidade, incentivando a pesquisa <\/span><\/p>\n<p class=\"MsoNormal\" style=\"line-height: 15.6pt;\"><span style=\"font-family: Arial;\"> <\/span><\/p>\n<p class=\"MsoNormal\" style=\"line-height: 15.6pt;\"><span style=\"font-family: Arial;\">Alexandre Almeida <\/span><\/p>\n","protected":false},"excerpt":{"rendered":"<p>O curso de Servi\u00e7o Social ULBRA de Ji-Paran\u00e1 teve 100% de seus artigos cient\u00edficos aprovados pela SBPC (Sociedade Brasileira para o Progresso da Ci\u00eancia), que realizar\u00e1, no per\u00edodo 12 a 17 de julho, a 61\u00aa reuni\u00e3o anual com o tema: \u201cAmaz\u00f4nia Ci\u00eancia e Cultura\u201d, em Manaus-AM. Segundo a coordenadora do curso de Servi\u00e7o Social, professora [&hellip;]<\/p>\n","protected":false},"author":3,"featured_media":0,"comment_status":"open","ping_status":"open","sticky":false,"template":"","format":"standard","meta":{"tdm_status":"","tdm_grid_status":"","footnotes":""},"categories":[22],"tags":[],"class_list":{"0":"post-1907","1":"post","2":"type-post","3":"status-publish","4":"format-standard","6":"category-brasil"},"_links":{"self":[{"href":"https:\/\/migracao.redenoticia.com.br\/noticia\/wp-json\/wp\/v2\/posts\/1907","targetHints":{"allow":["GET"]}}],"collection":[{"href":"https:\/\/migracao.redenoticia.com.br\/noticia\/wp-json\/wp\/v2\/posts"}],"about":[{"href":"https:\/\/migracao.redenoticia.com.br\/noticia\/wp-json\/wp\/v2\/types\/post"}],"author":[{"embeddable":true,"href":"https:\/\/migracao.redenoticia.com.br\/noticia\/wp-json\/wp\/v2\/users\/3"}],"replies":[{"embeddable":true,"href":"https:\/\/migracao.redenoticia.com.br\/noticia\/wp-json\/wp\/v2\/comments?post=1907"}],"version-history":[{"count":0,"href":"https:\/\/migracao.redenoticia.com.br\/noticia\/wp-json\/wp\/v2\/posts\/1907\/revisions"}],"wp:attachment":[{"href":"https:\/\/migracao.redenoticia.com.br\/noticia\/wp-json\/wp\/v2\/media?parent=1907"}],"wp:term":[{"taxonomy":"category","embeddable":true,"href":"https:\/\/migracao.redenoticia.com.br\/noticia\/wp-json\/wp\/v2\/categories?post=1907"},{"taxonomy":"post_tag","embeddable":true,"href":"https:\/\/migracao.redenoticia.com.br\/noticia\/wp-json\/wp\/v2\/tags?post=1907"}],"curies":[{"name":"wp","href":"https:\/\/api.w.org\/{rel}","templated":true}]}}