{"id":190755,"date":"2020-03-29T16:20:50","date_gmt":"2020-03-29T19:20:50","guid":{"rendered":"https:\/\/www.redenoticia.com.br\/noticia\/?p=190755"},"modified":"2020-03-29T16:49:15","modified_gmt":"2020-03-29T19:49:15","slug":"resumo-novela-fina-estampa-30-03-tereza-cristina-sofre-alucinacoes","status":"publish","type":"post","link":"https:\/\/migracao.redenoticia.com.br\/noticia\/2020\/resumo-novela-fina-estampa-30-03-tereza-cristina-sofre-alucinacoes\/190755","title":{"rendered":"Resumo novela \u201cFina Estampa\u201d 30\/03: Tereza Cristina sofre alucina\u00e7\u00f5es"},"content":{"rendered":"<p> <img loading=\"lazy\" decoding=\"async\" class=\"aligncenter size-large wp-image-190230\" src=\"https:\/\/migracao.redenoticia.com.br\/noticia\/imagens\/fina-estampa-303x300.jpg\" alt=\"\" width=\"303\" height=\"300\" srcset=\"https:\/\/migracao.redenoticia.com.br\/noticia\/imagens\/fina-estampa-303x300.jpg 303w, https:\/\/migracao.redenoticia.com.br\/noticia\/imagens\/fina-estampa-189x187.jpg 189w, https:\/\/migracao.redenoticia.com.br\/noticia\/imagens\/fina-estampa-768x760.jpg 768w, https:\/\/migracao.redenoticia.com.br\/noticia\/imagens\/fina-estampa-150x150.jpg 150w, https:\/\/migracao.redenoticia.com.br\/noticia\/imagens\/fina-estampa-141x140.jpg 141w, https:\/\/migracao.redenoticia.com.br\/noticia\/imagens\/fina-estampa-86x85.jpg 86w, https:\/\/migracao.redenoticia.com.br\/noticia\/imagens\/fina-estampa-696x689.jpg 696w, https:\/\/migracao.redenoticia.com.br\/noticia\/imagens\/fina-estampa.jpg 800w\" sizes=\"auto, (max-width: 303px) 100vw, 303px\" \/><\/p>\n<p><em><strong>Resumo novela \u201cFina Estampa\u201d 30\/03<\/strong><\/em>: no cap\u00edtulo 007(*) da novela, segunda-feira, 30 de mar\u00e7o, Antenor faz mudan\u00e7as em seu plano com Mirna. \u00cdris liga para Paulo e pede que ele d\u00ea um recado para Tereza Cristina. Vanessa come\u00e7a a trabalhar no Le Velmont. Griselda recebe flores de Ren\u00ea. Let\u00edcia \u00e9 avisada de que encontraram o t\u00e1xi de Vilma. Rafael diz a Griselda quais s\u00e3o suas inten\u00e7\u00f5es com Am\u00e1lia.<\/p>\n<p>Ren\u00ea Junior chega ao Le Velmont para o seu suposto encontro. Tereza Cristina exige que \u00c1lvaro pro\u00edba \u00cdris de voltar para o Brasil. Tereza Cristina sofre alucina\u00e7\u00f5es. Vanessa faz perguntas sobre Ren\u00ea para Severino. Guaracy conforta Dagmar, e fica perturbado com sua proximidade. Tereza Cristina implora para que Ren\u00ea nunca a abandone.<\/p>\n<p>(*) edi\u00e7\u00e3o da Rede Globo, Novela \u201cFina Estampa\u201d, sujeito a altera\u00e7\u00e3o de data e conte\u00fado.<\/p>\n<p>Sinopse \u201cFina Estampa\u201d: A vi\u00fava Griselda, conhecida como Pereir\u00e3o, trabalha como faz-tudo para sustentar seus tr\u00eas filhos. J\u00e1 Tereza Cristina \u00e9 uma socialite que acredita ter a vida perfeita. Seus destinos se cruzam por acaso e tudo muda quando Griselda ganha 30 milh\u00f5es. <\/p>\n","protected":false},"excerpt":{"rendered":"<p>Resumo novela \u201cFina Estampa\u201d 30\/03: no cap\u00edtulo 007(*) da novela, segunda-feira, 30 de mar\u00e7o, Antenor faz mudan\u00e7as em seu plano com Mirna. \u00cdris liga para Paulo e pede que ele d\u00ea um recado para Tereza Cristina. Vanessa come\u00e7a a trabalhar no Le Velmont. Griselda recebe flores de Ren\u00ea. Let\u00edcia \u00e9 avisada de que encontraram o [&hellip;]<\/p>\n","protected":false},"author":2,"featured_media":190232,"comment_status":"open","ping_status":"closed","sticky":false,"template":"","format":"standard","meta":{"tdm_status":"","tdm_grid_status":"","footnotes":""},"categories":[555,379,375,343],"tags":[441],"class_list":{"0":"post-190755","1":"post","2":"type-post","3":"status-publish","4":"format-standard","5":"has-post-thumbnail","7":"category-fina-estampa","8":"category-novelas","9":"category-rede-globo","10":"category-televisao","11":"tag-resumo-do-dia"},"_links":{"self":[{"href":"https:\/\/migracao.redenoticia.com.br\/noticia\/wp-json\/wp\/v2\/posts\/190755","targetHints":{"allow":["GET"]}}],"collection":[{"href":"https:\/\/migracao.redenoticia.com.br\/noticia\/wp-json\/wp\/v2\/posts"}],"about":[{"href":"https:\/\/migracao.redenoticia.com.br\/noticia\/wp-json\/wp\/v2\/types\/post"}],"author":[{"embeddable":true,"href":"https:\/\/migracao.redenoticia.com.br\/noticia\/wp-json\/wp\/v2\/users\/2"}],"replies":[{"embeddable":true,"href":"https:\/\/migracao.redenoticia.com.br\/noticia\/wp-json\/wp\/v2\/comments?post=190755"}],"version-history":[{"count":0,"href":"https:\/\/migracao.redenoticia.com.br\/noticia\/wp-json\/wp\/v2\/posts\/190755\/revisions"}],"wp:featuredmedia":[{"embeddable":true,"href":"https:\/\/migracao.redenoticia.com.br\/noticia\/wp-json\/wp\/v2\/media\/190232"}],"wp:attachment":[{"href":"https:\/\/migracao.redenoticia.com.br\/noticia\/wp-json\/wp\/v2\/media?parent=190755"}],"wp:term":[{"taxonomy":"category","embeddable":true,"href":"https:\/\/migracao.redenoticia.com.br\/noticia\/wp-json\/wp\/v2\/categories?post=190755"},{"taxonomy":"post_tag","embeddable":true,"href":"https:\/\/migracao.redenoticia.com.br\/noticia\/wp-json\/wp\/v2\/tags?post=190755"}],"curies":[{"name":"wp","href":"https:\/\/api.w.org\/{rel}","templated":true}]}}