{"id":190758,"date":"2020-03-29T15:56:56","date_gmt":"2020-03-29T18:56:56","guid":{"rendered":"https:\/\/www.redenoticia.com.br\/noticia\/?p=190758"},"modified":"2020-03-29T15:56:56","modified_gmt":"2020-03-29T18:56:56","slug":"resumo-novela-meu-coracao-e-teu-30-03-lenin-faz-serenata-para-fanny","status":"publish","type":"post","link":"https:\/\/migracao.redenoticia.com.br\/noticia\/2020\/resumo-novela-meu-coracao-e-teu-30-03-lenin-faz-serenata-para-fanny\/190758","title":{"rendered":"Resumo novela \u201cMeu Cora\u00e7\u00e3o \u00e9 Teu\u201d 30\/03: L\u00eanin faz serenata para Fanny"},"content":{"rendered":"<p> <img loading=\"lazy\" decoding=\"async\" class=\"aligncenter size-large wp-image-183929\" src=\"https:\/\/migracao.redenoticia.com.br\/noticia\/imagens\/meu-coracao-e-teu-300x300.jpg\" alt=\"\" width=\"300\" height=\"300\" srcset=\"https:\/\/migracao.redenoticia.com.br\/noticia\/imagens\/meu-coracao-e-teu-300x300.jpg 300w, https:\/\/migracao.redenoticia.com.br\/noticia\/imagens\/meu-coracao-e-teu-187x187.jpg 187w, https:\/\/migracao.redenoticia.com.br\/noticia\/imagens\/meu-coracao-e-teu-150x150.jpg 150w, https:\/\/migracao.redenoticia.com.br\/noticia\/imagens\/meu-coracao-e-teu-140x140.jpg 140w, https:\/\/migracao.redenoticia.com.br\/noticia\/imagens\/meu-coracao-e-teu-85x85.jpg 85w, https:\/\/migracao.redenoticia.com.br\/noticia\/imagens\/meu-coracao-e-teu.jpg 500w\" sizes=\"auto, (max-width: 300px) 100vw, 300px\" \/><\/p>\n<p><strong><em>Resumo da novela \u201cMeu Cora\u00e7\u00e3o \u00e9 Teu\u201d<\/em><\/strong> em 30\/03 no cap\u00edtulo 106(*) da novela, segunda-feira, 30 de mar\u00e7o, Dorival vai visitar Johnny para amea\u00e7\u00e1-lo. Ele diz que caso entreguem o v\u00eddeo a pol\u00edcia, ele matar\u00e1 Ana. Johnny responde que j\u00e1 n\u00e3o o teme. Fernando convoca seus filhos menores para que o ajudem numa ideia para entregar o anel de compromisso a Ana. Henrique mata o enfermeiro que est\u00e1 cuidando dele para escapar do hospital. Ele sofre uma alucina\u00e7\u00e3o em que seu pai aplaude o ato. Isabela reclama com Yolanda por ela ter contado a Ana de suas inten\u00e7\u00f5es. Ana vai visitar Isabela e a adverte que n\u00e3o deve se meter com ela. As duas discutem. Fernando est\u00e1 ensaiando em como dar o anel \u00e0 Ana. Fernando planeja com os filhos, levar Ana a uma praia para pedir que seja sua esposa.<\/p>\n<p>L\u00eanin diz \u00e0 Edith que Nando n\u00e3o se portou bem com ela, que o amor se sente, n\u00e3o apenas se pensa. Edith se sente um pouco decepcionada com Nando e comenta sobre sua inseguran\u00e7a com Helena. Ana e Fernando brincam de m\u00edmica para que ela descubra onde ele pretende lev\u00e1-la. Ao adivinhar que o local \u00e9 uma praia, fica muito feliz, mas n\u00e3o contava que eles fossem de avi\u00e3o. Ana fica muito nervosa. Dorival descobre o plano de Isabela e a adverte que dele ningu\u00e9m ca\u00e7oa. Henrique aparece no apartamento de Isabela e a sequestra. Magda pede a Angel que se permita apaixonar novamente por ela.<\/p>\n<p>Yolanda fica muito preocupada com Isabela e telefona para a mans\u00e3o para saber se Fernando sabe algo dela. Yolanda diz a Ana que tem um mal pressentimento. Henrique se lembra do que Isabela o fez e jura se vingar, enquanto ela est\u00e1 presa em uma jaula. Quando Johnny diz a Jennifer que Dorival esteve atr\u00e1s dele, ela se angustia, mas diz que nada de mal vai ocorrer. Ana e Fernando suspeitam que o desaparecimento de Isabela pode ter algo a ver com Henrique. L\u00eanin chama Ana para que ela o ajude na organiza\u00e7\u00e3o da festa de anivers\u00e1rio de Fanny. Isabela, ao ver sua vida amea\u00e7ada, diz a Henrique que o filho que espera \u00e9 de Fernando.<\/p>\n<p>L\u00eanin faz uma serenata para Fanny. Yolanda pede ajuda a Fernando para localizar Isabela. Ele usa suas influ\u00eancias e consegue que a pol\u00edcia a encontre, mas Henrique consegue fugir. Isabela se nega a ir ao hospital e diz a Fernando que tem urg\u00eancia em falar com ele sobre algo muito importante. Angel aceita a proposta de \u00c9rika para colaborar na \u201cCasa das Mercedes\u201d como volunt\u00e1rio. A professora de Fanny se zanga com ela, pois suas notas est\u00e3o muito baixas. Ana d\u00e1 uma ideia incr\u00edvel a Johnny para pedir Jennifer em casamento.<\/p>\n<p>(*) edi\u00e7\u00e3o do SBT, Novela \u201cMeu Cora\u00e7\u00e3o \u00e9 Teu\u201d, sujeito a altera\u00e7\u00e3o de data e conte\u00fado.<\/p>\n<p>Novela \u201cMeu Cora\u00e7\u00e3o \u00e9 Teu\u201d: Ana Leal \u00e9 uma mulher alegre e otimista. Um desastre destr\u00f3i sua casa e Ana perde tudo o que tem. Fernando Lascur\u00e1in, um prestigiado empres\u00e1rio que se lembra com tristeza que h\u00e1 um ano morreu sua esposa. Fernando \u00e9 o pai de sete filhos: Fanny de 19 anos, Nando de 17 anos, Alicia de 14 anos, Sebasti\u00e3o de 11 anos, os g\u00eameos Alex e Guille de 8 anos e a pequena Luz de 4 anos. Estes sete \u201cpequenos\u201d se encarregaram de fazer a vida de dezenas de bab\u00e1s imposs\u00edvel, mas Fernando precisa urgentemente de uma bab\u00e1 que cuide de seus filhos.<\/p>\n<p>As necessidades e a vontade de se superar, levam Ana a buscar outro trabalho. Sua falta de experi\u00eancia, e sua educa\u00e7\u00e3o prec\u00e1ria complicam o processo de ela encontrar um trabalho est\u00e1vel. Mas o destino tem algo preparado a ela: por uma confus\u00e3o, Ana termina chegando \u00e0 mans\u00e3o Lascur\u00e1in sem saber que l\u00e1 encontrar\u00e1 tudo o que sempre sonhou.<\/p>\n","protected":false},"excerpt":{"rendered":"<p>Resumo da novela \u201cMeu Cora\u00e7\u00e3o \u00e9 Teu\u201d em 30\/03 no cap\u00edtulo 106(*) da novela, segunda-feira, 30 de mar\u00e7o, Dorival vai visitar Johnny para amea\u00e7\u00e1-lo. Ele diz que caso entreguem o v\u00eddeo a pol\u00edcia, ele matar\u00e1 Ana. Johnny responde que j\u00e1 n\u00e3o o teme. Fernando convoca seus filhos menores para que o ajudem numa ideia para [&hellip;]<\/p>\n","protected":false},"author":2,"featured_media":183928,"comment_status":"open","ping_status":"closed","sticky":false,"template":"","format":"standard","meta":{"tdm_status":"","tdm_grid_status":"","footnotes":""},"categories":[379,372,343],"tags":[441],"class_list":{"0":"post-190758","1":"post","2":"type-post","3":"status-publish","4":"format-standard","5":"has-post-thumbnail","7":"category-novelas","8":"category-sbt","9":"category-televisao","10":"tag-resumo-do-dia"},"_links":{"self":[{"href":"https:\/\/migracao.redenoticia.com.br\/noticia\/wp-json\/wp\/v2\/posts\/190758","targetHints":{"allow":["GET"]}}],"collection":[{"href":"https:\/\/migracao.redenoticia.com.br\/noticia\/wp-json\/wp\/v2\/posts"}],"about":[{"href":"https:\/\/migracao.redenoticia.com.br\/noticia\/wp-json\/wp\/v2\/types\/post"}],"author":[{"embeddable":true,"href":"https:\/\/migracao.redenoticia.com.br\/noticia\/wp-json\/wp\/v2\/users\/2"}],"replies":[{"embeddable":true,"href":"https:\/\/migracao.redenoticia.com.br\/noticia\/wp-json\/wp\/v2\/comments?post=190758"}],"version-history":[{"count":0,"href":"https:\/\/migracao.redenoticia.com.br\/noticia\/wp-json\/wp\/v2\/posts\/190758\/revisions"}],"wp:featuredmedia":[{"embeddable":true,"href":"https:\/\/migracao.redenoticia.com.br\/noticia\/wp-json\/wp\/v2\/media\/183928"}],"wp:attachment":[{"href":"https:\/\/migracao.redenoticia.com.br\/noticia\/wp-json\/wp\/v2\/media?parent=190758"}],"wp:term":[{"taxonomy":"category","embeddable":true,"href":"https:\/\/migracao.redenoticia.com.br\/noticia\/wp-json\/wp\/v2\/categories?post=190758"},{"taxonomy":"post_tag","embeddable":true,"href":"https:\/\/migracao.redenoticia.com.br\/noticia\/wp-json\/wp\/v2\/tags?post=190758"}],"curies":[{"name":"wp","href":"https:\/\/api.w.org\/{rel}","templated":true}]}}