{"id":190762,"date":"2020-03-29T16:01:30","date_gmt":"2020-03-29T19:01:30","guid":{"rendered":"https:\/\/www.redenoticia.com.br\/noticia\/?p=190762"},"modified":"2020-03-29T16:01:30","modified_gmt":"2020-03-29T19:01:30","slug":"resumo-novela-cumplices-de-um-resgate-30-03-chloe-canta-no-desfile","status":"publish","type":"post","link":"https:\/\/migracao.redenoticia.com.br\/noticia\/2020\/resumo-novela-cumplices-de-um-resgate-30-03-chloe-canta-no-desfile\/190762","title":{"rendered":"Resumo novela \u201cC\u00famplices de um Resgate\u201d 30\/03: Chlo\u00e9 canta no desfile"},"content":{"rendered":"<p> <img loading=\"lazy\" decoding=\"async\" class=\"aligncenter size-large wp-image-164526\" src=\"https:\/\/migracao.redenoticia.com.br\/noticia\/imagens\/cumplices-de-um-resgate-001-316x300.jpg\" alt=\"\" width=\"316\" height=\"300\" srcset=\"https:\/\/migracao.redenoticia.com.br\/noticia\/imagens\/cumplices-de-um-resgate-001-316x300.jpg 316w, https:\/\/migracao.redenoticia.com.br\/noticia\/imagens\/cumplices-de-um-resgate-001-197x187.jpg 197w, https:\/\/migracao.redenoticia.com.br\/noticia\/imagens\/cumplices-de-um-resgate-001-150x143.jpg 150w, https:\/\/migracao.redenoticia.com.br\/noticia\/imagens\/cumplices-de-um-resgate-001.jpg 526w\" sizes=\"auto, (max-width: 316px) 100vw, 316px\" \/><\/p>\n<p><strong><em>Resumo novela \u201cC\u00famplices de um Resgate\u201d 30\/03<\/em><\/strong>: no cap\u00edtulo 322(*) da novela, segunda-feira, 30 de mar\u00e7o, Priscila n\u00e3o conta a verdade para Regina, diz que estava tudo certo no apartamento dos Vaz. Meire consegue juntas os peda\u00e7os da carta e tem a prova de que Flora abandonou os sobrinhos. A s\u00edndica ri e comemora. Chega o grande dia do desfile da nova cole\u00e7\u00e3o da marca Splish, da On-Enterprise. Todos aguardam o in\u00edcio dos shows. Omar decide que quer ir para a cidade. Ot\u00e1vio apresenta Rebeca para Regina.<\/p>\n<p>Safira tenta falar com Priscila, que \u00e9 rude e manda a m\u00e3e n\u00e3o falar mais com ela. Tomas esconde a pe\u00e7a piloto falsa na sala de Safira. Manuela chega no local do desfile para trocar de lugar com Isabela. Ot\u00e1vio faz a abertura da nova cole\u00e7\u00e3o. A cantora Chlo\u00e9 canta durante primeiro desfile da noite. Os meninos da C1R acham Chlo\u00e9 linda. Omar est\u00e1 sem dinheiro e rouba sorvete. Nico tenta impedir, mas n\u00e3o consegue.<\/p>\n<p>(*) edi\u00e7\u00e3o do SBT, Novela \u201cC\u00famplices de um Resgate\u201d, sujeito a altera\u00e7\u00e3o de data e conte\u00fado.<\/p>\n<p>\u201cC\u00famplices de um Resgate\u201d &#8211; Duas irm\u00e3s g\u00eameas univitelinas que foram separadas ap\u00f3s nascimento, se reencontram somente ap\u00f3s doze anos. Manuela, uma das g\u00eameas, \u00e9 doce, meiga, gentil, e muito talentosa para a m\u00fasica e tem uma voz encantadora. Vive uma vida feliz no Vilarejo dos Sonhos, onde mora com sua av\u00f3 Nina, sua tia Helena e sua m\u00e3e Rebeca, que d\u00e1 muito amor e carinho a filha por ela nunca ter tido um pai, e ela \u00e9 a m\u00e3e biol\u00f3gica das duas garotas, mas nunca soube que teve g\u00eameas.<\/p>\n","protected":false},"excerpt":{"rendered":"<p>Resumo novela \u201cC\u00famplices de um Resgate\u201d 30\/03: no cap\u00edtulo 322(*) da novela, segunda-feira, 30 de mar\u00e7o, Priscila n\u00e3o conta a verdade para Regina, diz que estava tudo certo no apartamento dos Vaz. Meire consegue juntas os peda\u00e7os da carta e tem a prova de que Flora abandonou os sobrinhos. A s\u00edndica ri e comemora. Chega [&hellip;]<\/p>\n","protected":false},"author":2,"featured_media":164525,"comment_status":"open","ping_status":"closed","sticky":false,"template":"","format":"standard","meta":{"tdm_status":"","tdm_grid_status":"","footnotes":""},"categories":[379,372,343],"tags":[441],"class_list":{"0":"post-190762","1":"post","2":"type-post","3":"status-publish","4":"format-standard","5":"has-post-thumbnail","7":"category-novelas","8":"category-sbt","9":"category-televisao","10":"tag-resumo-do-dia"},"_links":{"self":[{"href":"https:\/\/migracao.redenoticia.com.br\/noticia\/wp-json\/wp\/v2\/posts\/190762","targetHints":{"allow":["GET"]}}],"collection":[{"href":"https:\/\/migracao.redenoticia.com.br\/noticia\/wp-json\/wp\/v2\/posts"}],"about":[{"href":"https:\/\/migracao.redenoticia.com.br\/noticia\/wp-json\/wp\/v2\/types\/post"}],"author":[{"embeddable":true,"href":"https:\/\/migracao.redenoticia.com.br\/noticia\/wp-json\/wp\/v2\/users\/2"}],"replies":[{"embeddable":true,"href":"https:\/\/migracao.redenoticia.com.br\/noticia\/wp-json\/wp\/v2\/comments?post=190762"}],"version-history":[{"count":0,"href":"https:\/\/migracao.redenoticia.com.br\/noticia\/wp-json\/wp\/v2\/posts\/190762\/revisions"}],"wp:featuredmedia":[{"embeddable":true,"href":"https:\/\/migracao.redenoticia.com.br\/noticia\/wp-json\/wp\/v2\/media\/164525"}],"wp:attachment":[{"href":"https:\/\/migracao.redenoticia.com.br\/noticia\/wp-json\/wp\/v2\/media?parent=190762"}],"wp:term":[{"taxonomy":"category","embeddable":true,"href":"https:\/\/migracao.redenoticia.com.br\/noticia\/wp-json\/wp\/v2\/categories?post=190762"},{"taxonomy":"post_tag","embeddable":true,"href":"https:\/\/migracao.redenoticia.com.br\/noticia\/wp-json\/wp\/v2\/tags?post=190762"}],"curies":[{"name":"wp","href":"https:\/\/api.w.org\/{rel}","templated":true}]}}