{"id":190796,"date":"2020-03-30T12:04:26","date_gmt":"2020-03-30T15:04:26","guid":{"rendered":"https:\/\/www.redenoticia.com.br\/noticia\/?p=190796"},"modified":"2020-03-30T12:04:26","modified_gmt":"2020-03-30T15:04:26","slug":"resumo-novela-meu-coracao-e-teu-31-03-isabela-consegue-gravar-ana-a-dancar-na-chicago","status":"publish","type":"post","link":"https:\/\/migracao.redenoticia.com.br\/noticia\/2020\/resumo-novela-meu-coracao-e-teu-31-03-isabela-consegue-gravar-ana-a-dancar-na-chicago\/190796","title":{"rendered":"Resumo novela \u201cMeu Cora\u00e7\u00e3o \u00e9 Teu\u201d 31\/03: Isabela consegue gravar Ana a dan\u00e7ar na Chicago"},"content":{"rendered":"<p><img loading=\"lazy\" decoding=\"async\" class=\"aligncenter size-large wp-image-183929\" src=\"https:\/\/migracao.redenoticia.com.br\/noticia\/imagens\/meu-coracao-e-teu-300x300.jpg\" alt=\"\" width=\"300\" height=\"300\" srcset=\"https:\/\/migracao.redenoticia.com.br\/noticia\/imagens\/meu-coracao-e-teu-300x300.jpg 300w, https:\/\/migracao.redenoticia.com.br\/noticia\/imagens\/meu-coracao-e-teu-187x187.jpg 187w, https:\/\/migracao.redenoticia.com.br\/noticia\/imagens\/meu-coracao-e-teu-150x150.jpg 150w, https:\/\/migracao.redenoticia.com.br\/noticia\/imagens\/meu-coracao-e-teu-140x140.jpg 140w, https:\/\/migracao.redenoticia.com.br\/noticia\/imagens\/meu-coracao-e-teu-85x85.jpg 85w, https:\/\/migracao.redenoticia.com.br\/noticia\/imagens\/meu-coracao-e-teu.jpg 500w\" sizes=\"auto, (max-width: 300px) 100vw, 300px\" \/><\/p>\n<p><strong><em>Resumo da novela \u201cMeu Cora\u00e7\u00e3o \u00e9 Teu\u201d<\/em><\/strong> em 31\/03 no cap\u00edtulo 107(*) da novela, ter\u00e7a-feira, 31 de mar\u00e7o, Isabela diz a Fernando que ele corre s\u00e9rio perigo, pois Henrique est\u00e1 louco e sedento por vingan\u00e7a. Os homens de Dorival encontram Diana e a levam at\u00e9 ele. Ana diz a sua m\u00e3e que tem muita vontade de estar com Fernando na praia, mas que cada vez se sente mais angustiada com o assunto da \u201cChicago\u201d. Soledade diz a filha que desfrute o momento porque logo vai poder deixar de dan\u00e7ar na \u201cChicago\u201d. Fernando se preocupa com a seguran\u00e7a de Fanny e decide contratar seguran\u00e7as para guard\u00e1-la. Isabela se protege, dizendo a Fernando que Henrique \u00e9 capaz de inventar coisas para machuc\u00e1-lo. Dorival diz a Diana que trocar\u00e1 sua vida pelo v\u00eddeo que Ana tem.<\/p>\n<p>Leon vai visitar Fanny para cumpriment\u00e1-la, mas acaba encontrando L\u00eanin e eles discutem. Ana interfere e pede que Leon v\u00e1 embora e lembra que o havia o alertado quanto a seus ci\u00fames, que colocaria tudo a perder. Johnny est\u00e1 com Aura e pensa que ainda que seja grande a responsabilidade, deseja ser pai. Yolanda diz a Isabela que o ocorrido com Henrique foi um erro dela. Isabela responde que seu \u00fanico erro foi o de n\u00e3o t\u00ea-lo matado quando teve a oportunidade. Fanny e Leon se encontram, e ele a confessa que est\u00e1 morrendo de ci\u00fames, por causa de L\u00eanin. Helena beija Nando \u00e0s escondidas, mas Edith intui que algo ocorre e parte pra cima de Helena. Ana e Fernando dizem a Nando que ele est\u00e1 sendo ego\u00edsta, pois precisa decidir se por Helena ou Edith.<\/p>\n<p>Leon termina com Laura, pois est\u00e1 decidido a lutar pelo amor de Fanny. Isabela se disfar\u00e7a para poder entrar no \u201cChicago\u201d. Ela pensa em conseguir as armas necess\u00e1rias para fazer mal a Ana. Fanny se lembra de quando Ana disse que o amor que ela e Leon sentem n\u00e3o pode desaparecer t\u00e3o r\u00e1pido. Ana e Fernando falam sobre os problemas com Nando e Fanny. Isabela se zanga quando Fernando diz que levar\u00e1 Ana a praia, pois sabe que l\u00e1 ele a pedir\u00e1 em casamento. Ana chega ao \u201cChicago\u201d e v\u00ea que Dorival est\u00e1 com Diana. Ana mente que Diana n\u00e3o a importa e Dorival pode fazer o que quiser com ela.<\/p>\n<p>Dorival cai na arma\u00e7\u00e3o de Ana e acaba soltando Diana. Ana come\u00e7a a dan\u00e7ar e Isabela, disfar\u00e7ada, grava um v\u00eddeo com celular, e desfruta de seu plano para destruir Ana. Ana se preocupa ao ver que est\u00e1 sendo filmada. Ana pergunta a Diana porque um senhor da primeira fila estava gravando um v\u00eddeo, ela responde que aquele mesmo `senhor` perguntou por ela no dia anterior, Ana se preocupa, pois se lembra que Yolanda a alertou quanto \u00e0s inten\u00e7\u00f5es de Isabela. Fernando se comove com a emo\u00e7\u00e3o de Ana ao ver o mar. Yolanda se preocupa ao ver Isabela t\u00e3o satisfeita.<\/p>\n<p>(*) edi\u00e7\u00e3o do SBT, Novela \u201cMeu Cora\u00e7\u00e3o \u00e9 Teu\u201d, sujeito a altera\u00e7\u00e3o de data e conte\u00fado.<\/p>\n<p>Novela \u201cMeu Cora\u00e7\u00e3o \u00e9 Teu\u201d: Ana Leal \u00e9 uma mulher alegre e otimista. Um desastre destr\u00f3i sua casa e Ana perde tudo o que tem. Fernando Lascur\u00e1in, um prestigiado empres\u00e1rio que se lembra com tristeza que h\u00e1 um ano morreu sua esposa. Fernando \u00e9 o pai de sete filhos: Fanny de 19 anos, Nando de 17 anos, Alicia de 14 anos, Sebasti\u00e3o de 11 anos, os g\u00eameos Alex e Guille de 8 anos e a pequena Luz de 4 anos. Estes sete \u201cpequenos\u201d se encarregaram de fazer a vida de dezenas de bab\u00e1s imposs\u00edvel, mas Fernando precisa urgentemente de uma bab\u00e1 que cuide de seus filhos.<\/p>\n<p>As necessidades e a vontade de se superar, levam Ana a buscar outro trabalho. Sua falta de experi\u00eancia, e sua educa\u00e7\u00e3o prec\u00e1ria complicam o processo de ela encontrar um trabalho est\u00e1vel. Mas o destino tem algo preparado a ela: por uma confus\u00e3o, Ana termina chegando \u00e0 mans\u00e3o Lascur\u00e1in sem saber que l\u00e1 encontrar\u00e1 tudo o que sempre sonhou.<\/p>\n","protected":false},"excerpt":{"rendered":"<p>Resumo da novela \u201cMeu Cora\u00e7\u00e3o \u00e9 Teu\u201d em 31\/03 no cap\u00edtulo 107(*) da novela, ter\u00e7a-feira, 31 de mar\u00e7o, Isabela diz a Fernando que ele corre s\u00e9rio perigo, pois Henrique est\u00e1 louco e sedento por vingan\u00e7a. Os homens de Dorival encontram Diana e a levam at\u00e9 ele. Ana diz a sua m\u00e3e que tem muita vontade [&hellip;]<\/p>\n","protected":false},"author":4,"featured_media":183928,"comment_status":"open","ping_status":"closed","sticky":false,"template":"","format":"standard","meta":{"tdm_status":"","tdm_grid_status":"","footnotes":""},"categories":[379,372,343],"tags":[441],"class_list":{"0":"post-190796","1":"post","2":"type-post","3":"status-publish","4":"format-standard","5":"has-post-thumbnail","7":"category-novelas","8":"category-sbt","9":"category-televisao","10":"tag-resumo-do-dia"},"_links":{"self":[{"href":"https:\/\/migracao.redenoticia.com.br\/noticia\/wp-json\/wp\/v2\/posts\/190796","targetHints":{"allow":["GET"]}}],"collection":[{"href":"https:\/\/migracao.redenoticia.com.br\/noticia\/wp-json\/wp\/v2\/posts"}],"about":[{"href":"https:\/\/migracao.redenoticia.com.br\/noticia\/wp-json\/wp\/v2\/types\/post"}],"author":[{"embeddable":true,"href":"https:\/\/migracao.redenoticia.com.br\/noticia\/wp-json\/wp\/v2\/users\/4"}],"replies":[{"embeddable":true,"href":"https:\/\/migracao.redenoticia.com.br\/noticia\/wp-json\/wp\/v2\/comments?post=190796"}],"version-history":[{"count":0,"href":"https:\/\/migracao.redenoticia.com.br\/noticia\/wp-json\/wp\/v2\/posts\/190796\/revisions"}],"wp:featuredmedia":[{"embeddable":true,"href":"https:\/\/migracao.redenoticia.com.br\/noticia\/wp-json\/wp\/v2\/media\/183928"}],"wp:attachment":[{"href":"https:\/\/migracao.redenoticia.com.br\/noticia\/wp-json\/wp\/v2\/media?parent=190796"}],"wp:term":[{"taxonomy":"category","embeddable":true,"href":"https:\/\/migracao.redenoticia.com.br\/noticia\/wp-json\/wp\/v2\/categories?post=190796"},{"taxonomy":"post_tag","embeddable":true,"href":"https:\/\/migracao.redenoticia.com.br\/noticia\/wp-json\/wp\/v2\/tags?post=190796"}],"curies":[{"name":"wp","href":"https:\/\/api.w.org\/{rel}","templated":true}]}}