{"id":190812,"date":"2020-03-30T12:18:41","date_gmt":"2020-03-30T15:18:41","guid":{"rendered":"https:\/\/www.redenoticia.com.br\/noticia\/?p=190812"},"modified":"2020-03-30T12:18:41","modified_gmt":"2020-03-30T15:18:41","slug":"resumo-novela-fina-estampa-31-03-griselda-descobre-que-antenor-e-o-noivo-de-patricia","status":"publish","type":"post","link":"https:\/\/migracao.redenoticia.com.br\/noticia\/2020\/resumo-novela-fina-estampa-31-03-griselda-descobre-que-antenor-e-o-noivo-de-patricia\/190812","title":{"rendered":"Resumo novela \u201cFina Estampa\u201d 31\/03: Griselda descobre que Antenor \u00e9 o noivo de Patr\u00edcia"},"content":{"rendered":"<p><img loading=\"lazy\" decoding=\"async\" class=\"aligncenter size-large wp-image-190230\" src=\"https:\/\/migracao.redenoticia.com.br\/noticia\/imagens\/fina-estampa-303x300.jpg\" alt=\"\" width=\"303\" height=\"300\" srcset=\"https:\/\/migracao.redenoticia.com.br\/noticia\/imagens\/fina-estampa-303x300.jpg 303w, https:\/\/migracao.redenoticia.com.br\/noticia\/imagens\/fina-estampa-189x187.jpg 189w, https:\/\/migracao.redenoticia.com.br\/noticia\/imagens\/fina-estampa-768x760.jpg 768w, https:\/\/migracao.redenoticia.com.br\/noticia\/imagens\/fina-estampa-150x150.jpg 150w, https:\/\/migracao.redenoticia.com.br\/noticia\/imagens\/fina-estampa-141x140.jpg 141w, https:\/\/migracao.redenoticia.com.br\/noticia\/imagens\/fina-estampa-86x85.jpg 86w, https:\/\/migracao.redenoticia.com.br\/noticia\/imagens\/fina-estampa-696x689.jpg 696w, https:\/\/migracao.redenoticia.com.br\/noticia\/imagens\/fina-estampa.jpg 800w\" sizes=\"auto, (max-width: 303px) 100vw, 303px\" \/><\/p>\n<p><em><strong>Resumo novela \u201cFina Estampa\u201d 31\/03<\/strong><\/em>: no cap\u00edtulo 008(*) da novela, ter\u00e7a-feira, 31 de mar\u00e7o, Ren\u00ea tranquiliza Tereza Cristina. Patr\u00edcia comenta com Vanessa que desconfia de Antenor. Esther marca um encontro com Danielle em sua cl\u00ednica. Mirna\/Gisela elogia Tereza Cristina, que exige que ela se hospede em sua casa.<\/p>\n<p>Ferdinand ofende Cr\u00f4. Guaracy convence Leandro a trabalhar no Tupinambar. Antenor teme que Mirna se embriague durante o jantar com os Velmont. Dona Zil\u00e1 faz previs\u00f5es sobre Luana. Baltazar se revolta contra Tereza Cristina e sabota o jardim da mans\u00e3o. Griselda descobre que Antenor \u00e9 o noivo de Patr\u00edcia.<\/p>\n<p>(*) edi\u00e7\u00e3o da Rede Globo, Novela \u201cFina Estampa\u201d, sujeito a altera\u00e7\u00e3o de data e conte\u00fado.<\/p>\n<p>Sinopse \u201cFina Estampa\u201d: A vi\u00fava Griselda, conhecida como Pereir\u00e3o, trabalha como faz-tudo para sustentar seus tr\u00eas filhos. J\u00e1 Tereza Cristina \u00e9 uma socialite que acredita ter a vida perfeita. Seus destinos se cruzam por acaso e tudo muda quando Griselda ganha 30 milh\u00f5es.<\/p>\n","protected":false},"excerpt":{"rendered":"<p>Resumo novela \u201cFina Estampa\u201d 31\/03: no cap\u00edtulo 008(*) da novela, ter\u00e7a-feira, 31 de mar\u00e7o, Ren\u00ea tranquiliza Tereza Cristina. Patr\u00edcia comenta com Vanessa que desconfia de Antenor. Esther marca um encontro com Danielle em sua cl\u00ednica. Mirna\/Gisela elogia Tereza Cristina, que exige que ela se hospede em sua casa. Ferdinand ofende Cr\u00f4. Guaracy convence Leandro a [&hellip;]<\/p>\n","protected":false},"author":4,"featured_media":190232,"comment_status":"open","ping_status":"closed","sticky":false,"template":"","format":"standard","meta":{"tdm_status":"","tdm_grid_status":"","footnotes":""},"categories":[555,379,375,343],"tags":[441],"class_list":{"0":"post-190812","1":"post","2":"type-post","3":"status-publish","4":"format-standard","5":"has-post-thumbnail","7":"category-fina-estampa","8":"category-novelas","9":"category-rede-globo","10":"category-televisao","11":"tag-resumo-do-dia"},"_links":{"self":[{"href":"https:\/\/migracao.redenoticia.com.br\/noticia\/wp-json\/wp\/v2\/posts\/190812","targetHints":{"allow":["GET"]}}],"collection":[{"href":"https:\/\/migracao.redenoticia.com.br\/noticia\/wp-json\/wp\/v2\/posts"}],"about":[{"href":"https:\/\/migracao.redenoticia.com.br\/noticia\/wp-json\/wp\/v2\/types\/post"}],"author":[{"embeddable":true,"href":"https:\/\/migracao.redenoticia.com.br\/noticia\/wp-json\/wp\/v2\/users\/4"}],"replies":[{"embeddable":true,"href":"https:\/\/migracao.redenoticia.com.br\/noticia\/wp-json\/wp\/v2\/comments?post=190812"}],"version-history":[{"count":0,"href":"https:\/\/migracao.redenoticia.com.br\/noticia\/wp-json\/wp\/v2\/posts\/190812\/revisions"}],"wp:featuredmedia":[{"embeddable":true,"href":"https:\/\/migracao.redenoticia.com.br\/noticia\/wp-json\/wp\/v2\/media\/190232"}],"wp:attachment":[{"href":"https:\/\/migracao.redenoticia.com.br\/noticia\/wp-json\/wp\/v2\/media?parent=190812"}],"wp:term":[{"taxonomy":"category","embeddable":true,"href":"https:\/\/migracao.redenoticia.com.br\/noticia\/wp-json\/wp\/v2\/categories?post=190812"},{"taxonomy":"post_tag","embeddable":true,"href":"https:\/\/migracao.redenoticia.com.br\/noticia\/wp-json\/wp\/v2\/tags?post=190812"}],"curies":[{"name":"wp","href":"https:\/\/api.w.org\/{rel}","templated":true}]}}