{"id":190855,"date":"2020-03-31T12:59:12","date_gmt":"2020-03-31T15:59:12","guid":{"rendered":"https:\/\/www.redenoticia.com.br\/noticia\/?p=190855"},"modified":"2020-03-31T12:59:12","modified_gmt":"2020-03-31T15:59:12","slug":"resumo-novela-fina-estampa-01-04-antenor-sofre-acidente-com-o-carro-de-juan","status":"publish","type":"post","link":"https:\/\/migracao.redenoticia.com.br\/noticia\/2020\/resumo-novela-fina-estampa-01-04-antenor-sofre-acidente-com-o-carro-de-juan\/190855","title":{"rendered":"Resumo novela \u201cFina Estampa\u201d 01\/04: Antenor sofre acidente com o carro de Juan"},"content":{"rendered":"<p><img loading=\"lazy\" decoding=\"async\" class=\"aligncenter size-large wp-image-190230\" src=\"https:\/\/migracao.redenoticia.com.br\/noticia\/imagens\/fina-estampa-303x300.jpg\" alt=\"\" width=\"303\" height=\"300\" srcset=\"https:\/\/migracao.redenoticia.com.br\/noticia\/imagens\/fina-estampa-303x300.jpg 303w, https:\/\/migracao.redenoticia.com.br\/noticia\/imagens\/fina-estampa-189x187.jpg 189w, https:\/\/migracao.redenoticia.com.br\/noticia\/imagens\/fina-estampa-768x760.jpg 768w, https:\/\/migracao.redenoticia.com.br\/noticia\/imagens\/fina-estampa-150x150.jpg 150w, https:\/\/migracao.redenoticia.com.br\/noticia\/imagens\/fina-estampa-141x140.jpg 141w, https:\/\/migracao.redenoticia.com.br\/noticia\/imagens\/fina-estampa-86x85.jpg 86w, https:\/\/migracao.redenoticia.com.br\/noticia\/imagens\/fina-estampa-696x689.jpg 696w, https:\/\/migracao.redenoticia.com.br\/noticia\/imagens\/fina-estampa.jpg 800w\" sizes=\"auto, (max-width: 303px) 100vw, 303px\" \/><\/p>\n<p><em><strong>Resumo novela \u201cFina Estampa\u201d 01\/04<\/strong><\/em>: no cap\u00edtulo 009(*) da novela, quarta-feira, 01 de abril, Griselda invade o jantar dos Velmont. Tereza Cristina acusa Griselda e seu filho de tentarem dar um golpe em sua fam\u00edlia. Patr\u00edcia cobra uma explica\u00e7\u00e3o de Antenor. Rafael namora Am\u00e1lia, e Zuleika critica o rapaz para Edvaldo.<\/p>\n<p>Ren\u00ea se desculpa com Griselda. Antenor sofre um acidente com o carro de Juan. Am\u00e1lia avisa \u00e0 m\u00e3e do acidente de Antenor, e Ren\u00ea a leva at\u00e9 o local. Patr\u00edcia vai ao encontro de Antenor no hospital. Rafael fala para Am\u00e1lia que Antenor roubou o carro de Juan.<\/p>\n<p>(*) edi\u00e7\u00e3o da Rede Globo, Novela \u201cFina Estampa\u201d, sujeito a altera\u00e7\u00e3o de data e conte\u00fado.<\/p>\n<p>Sinopse \u201cFina Estampa\u201d: A vi\u00fava Griselda, conhecida como Pereir\u00e3o, trabalha como faz-tudo para sustentar seus tr\u00eas filhos. J\u00e1 Tereza Cristina \u00e9 uma socialite que acredita ter a vida perfeita. Seus destinos se cruzam por acaso e tudo muda quando Griselda ganha 30 milh\u00f5es.<\/p>\n","protected":false},"excerpt":{"rendered":"<p>Resumo novela \u201cFina Estampa\u201d 01\/04: no cap\u00edtulo 009(*) da novela, quarta-feira, 01 de abril, Griselda invade o jantar dos Velmont. Tereza Cristina acusa Griselda e seu filho de tentarem dar um golpe em sua fam\u00edlia. Patr\u00edcia cobra uma explica\u00e7\u00e3o de Antenor. Rafael namora Am\u00e1lia, e Zuleika critica o rapaz para Edvaldo. Ren\u00ea se desculpa com [&hellip;]<\/p>\n","protected":false},"author":4,"featured_media":190230,"comment_status":"open","ping_status":"closed","sticky":false,"template":"","format":"standard","meta":{"tdm_status":"","tdm_grid_status":"","footnotes":""},"categories":[555,379,375,343],"tags":[441],"class_list":{"0":"post-190855","1":"post","2":"type-post","3":"status-publish","4":"format-standard","5":"has-post-thumbnail","7":"category-fina-estampa","8":"category-novelas","9":"category-rede-globo","10":"category-televisao","11":"tag-resumo-do-dia"},"_links":{"self":[{"href":"https:\/\/migracao.redenoticia.com.br\/noticia\/wp-json\/wp\/v2\/posts\/190855","targetHints":{"allow":["GET"]}}],"collection":[{"href":"https:\/\/migracao.redenoticia.com.br\/noticia\/wp-json\/wp\/v2\/posts"}],"about":[{"href":"https:\/\/migracao.redenoticia.com.br\/noticia\/wp-json\/wp\/v2\/types\/post"}],"author":[{"embeddable":true,"href":"https:\/\/migracao.redenoticia.com.br\/noticia\/wp-json\/wp\/v2\/users\/4"}],"replies":[{"embeddable":true,"href":"https:\/\/migracao.redenoticia.com.br\/noticia\/wp-json\/wp\/v2\/comments?post=190855"}],"version-history":[{"count":0,"href":"https:\/\/migracao.redenoticia.com.br\/noticia\/wp-json\/wp\/v2\/posts\/190855\/revisions"}],"wp:featuredmedia":[{"embeddable":true,"href":"https:\/\/migracao.redenoticia.com.br\/noticia\/wp-json\/wp\/v2\/media\/190230"}],"wp:attachment":[{"href":"https:\/\/migracao.redenoticia.com.br\/noticia\/wp-json\/wp\/v2\/media?parent=190855"}],"wp:term":[{"taxonomy":"category","embeddable":true,"href":"https:\/\/migracao.redenoticia.com.br\/noticia\/wp-json\/wp\/v2\/categories?post=190855"},{"taxonomy":"post_tag","embeddable":true,"href":"https:\/\/migracao.redenoticia.com.br\/noticia\/wp-json\/wp\/v2\/tags?post=190855"}],"curies":[{"name":"wp","href":"https:\/\/api.w.org\/{rel}","templated":true}]}}