{"id":190896,"date":"2020-04-01T12:19:37","date_gmt":"2020-04-01T15:19:37","guid":{"rendered":"https:\/\/www.redenoticia.com.br\/noticia\/?p=190896"},"modified":"2020-04-01T12:19:37","modified_gmt":"2020-04-01T15:19:37","slug":"resumo-novela-meu-coracao-e-teu-02-04-fernando-descobre-que-ana-danca-na-chicago","status":"publish","type":"post","link":"https:\/\/migracao.redenoticia.com.br\/noticia\/2020\/resumo-novela-meu-coracao-e-teu-02-04-fernando-descobre-que-ana-danca-na-chicago\/190896","title":{"rendered":"Resumo novela \u201cMeu Cora\u00e7\u00e3o \u00e9 Teu\u201d 02\/04: Fernando descobre que Ana dan\u00e7a na Chicago"},"content":{"rendered":"<p><img loading=\"lazy\" decoding=\"async\" src=\"https:\/\/migracao.redenoticia.com.br\/noticia\/imagens\/meu-coracao-e-teu-300x300.jpg\" alt=\"\" width=\"300\" height=\"300\" class=\"aligncenter size-large wp-image-183929\" srcset=\"https:\/\/migracao.redenoticia.com.br\/noticia\/imagens\/meu-coracao-e-teu-300x300.jpg 300w, https:\/\/migracao.redenoticia.com.br\/noticia\/imagens\/meu-coracao-e-teu-187x187.jpg 187w, https:\/\/migracao.redenoticia.com.br\/noticia\/imagens\/meu-coracao-e-teu-150x150.jpg 150w, https:\/\/migracao.redenoticia.com.br\/noticia\/imagens\/meu-coracao-e-teu-140x140.jpg 140w, https:\/\/migracao.redenoticia.com.br\/noticia\/imagens\/meu-coracao-e-teu-85x85.jpg 85w, https:\/\/migracao.redenoticia.com.br\/noticia\/imagens\/meu-coracao-e-teu.jpg 500w\" sizes=\"auto, (max-width: 300px) 100vw, 300px\" \/><\/p>\n<p><strong><em>Resumo da novela \u201cMeu Cora\u00e7\u00e3o \u00e9 Teu\u201d<\/em><\/strong> em 02\/04 no cap\u00edtulo 109(*) da novela, quinta-feira, 02 de abril, Ana come\u00e7a a busca ao tesouro, e descobre o pedido de casamento de Fernando. Ela aceita o pedido. Dorival diz a Isabela que sabe que n\u00e3o a interessa fazer trato com ele, pois ela mesma j\u00e1 descobriu o que queria sobre Ana. Mais tarde, Isabela descobre quando Ana dan\u00e7ar\u00e1 pela \u00faltima vez, e planeja a\u00ed o \u201cgran finale\u201d de sua vingan\u00e7a. Ana diz \u00e0 Fanny que seu mundo pode vir abaixo por n\u00e3o dizer a verdade a Fernando, e teme machuc\u00e1-lo. Isabela d\u00e1 dinheiro a um garoto para que entregue a Bruno uma carta com um segredo para que Fernando a leia. Ana cuida dos g\u00eameos, que acabaram se queimando no sol. Fernando os diz que \u00e9 hora de voltar para a cidade. Leon envia uma flor a Fanny, mas n\u00e3o tem certeza de que ela apreciar\u00e1 o gesto. Henrique chega a vila na qual vivem Margarida e Leon, desejando fazer mal a eles.<\/p>\n<p>Margarida e Mauricio voltam da feira e a mulher pede a Leon que v\u00e1 comprar uns p\u00e3es doces. J\u00e1 na cidade, Ana mostra a Soledade seu anel de compromisso e, em seguida, vai ao \u201cChicago\u201d para sua \u00faltima apresenta\u00e7\u00e3o. Ana decide que dir\u00e1 a Fernando que ela \u00e9 bailarina naquela mesma noite. Nando decide falar com Edith para dizer que escolheu Helena. Henrique d\u00e1 uma punhalada em Leon. Bruno entrega a carta an\u00f4nima a Fernando, na qual est\u00e1 escrito que para que ele conhe\u00e7a o grande segredo da \u201cbab\u00e1\u201d, deve ir ao \u201cChicago\u201d. Edith reage mal a not\u00edcia de Nando e o expulsa de sua casa. Encontram Leon ferido, mas vivo, e o levam em uma ambul\u00e2ncia at\u00e9 o hospital. Fernando vai ao \u201cChicago\u201d. Quando Ana sai para fazer seu n\u00famero, Fernando a reconhece de imediato, e sai do local. Nando vai atr\u00e1s de Helena.<\/p>\n<p>Bruno e Fanny encontram a carta an\u00f4nima e a leem. Fanny descobre o ocorrido com Leon. Isabela vai ao camarim ca\u00e7oar de Ana. Fernando, no trajeto pra casa, recorda de diversas situa\u00e7\u00f5es vividas com Ana. Isabela diz a Ana que havia a avisado que pagaria caro por se meter com ela. Ana briga com Isabela e sai em disparada da \u201cChicago\u201d. Isabela sai do camarim de Ana sentindo-se vitoriosa. Fanny chega ao hospital e Margarida diz que a situa\u00e7\u00e3o de Leon \u00e9 delicada. Fernando chega \u00e0 mans\u00e3o e pergunta a Bruno e Manuela se eles sabiam que Ana dan\u00e7ava na \u201cChicago\u201d. Eles respondem que n\u00e3o tinham nem ideia disso.<\/p>\n<p>(*) edi\u00e7\u00e3o do SBT, Novela \u201cMeu Cora\u00e7\u00e3o \u00e9 Teu\u201d, sujeito a altera\u00e7\u00e3o de data e conte\u00fado.<\/p>\n<p>Novela \u201cMeu Cora\u00e7\u00e3o \u00e9 Teu\u201d: Ana Leal \u00e9 uma mulher alegre e otimista. Um desastre destr\u00f3i sua casa e Ana perde tudo o que tem. Fernando Lascur\u00e1in, um prestigiado empres\u00e1rio que se lembra com tristeza que h\u00e1 um ano morreu sua esposa. Fernando \u00e9 o pai de sete filhos: Fanny de 19 anos, Nando de 17 anos, Alicia de 14 anos, Sebasti\u00e3o de 11 anos, os g\u00eameos Alex e Guille de 8 anos e a pequena Luz de 4 anos. Estes sete \u201cpequenos\u201d se encarregaram de fazer a vida de dezenas de bab\u00e1s imposs\u00edvel, mas Fernando precisa urgentemente de uma bab\u00e1 que cuide de seus filhos.<\/p>\n<p>As necessidades e a vontade de se superar, levam Ana a buscar outro trabalho. Sua falta de experi\u00eancia, e sua educa\u00e7\u00e3o prec\u00e1ria complicam o processo de ela encontrar um trabalho est\u00e1vel. Mas o destino tem algo preparado a ela: por uma confus\u00e3o, Ana termina chegando \u00e0 mans\u00e3o Lascur\u00e1in sem saber que l\u00e1 encontrar\u00e1 tudo o que sempre sonhou.<\/p>\n","protected":false},"excerpt":{"rendered":"<p>Resumo da novela \u201cMeu Cora\u00e7\u00e3o \u00e9 Teu\u201d em 02\/04 no cap\u00edtulo 109(*) da novela, quinta-feira, 02 de abril, Ana come\u00e7a a busca ao tesouro, e descobre o pedido de casamento de Fernando. Ela aceita o pedido. Dorival diz a Isabela que sabe que n\u00e3o a interessa fazer trato com ele, pois ela mesma j\u00e1 descobriu [&hellip;]<\/p>\n","protected":false},"author":4,"featured_media":82119,"comment_status":"open","ping_status":"closed","sticky":false,"template":"","format":"standard","meta":{"tdm_status":"","tdm_grid_status":"","footnotes":""},"categories":[379,372,343],"tags":[441],"class_list":{"0":"post-190896","1":"post","2":"type-post","3":"status-publish","4":"format-standard","5":"has-post-thumbnail","7":"category-novelas","8":"category-sbt","9":"category-televisao","10":"tag-resumo-do-dia"},"_links":{"self":[{"href":"https:\/\/migracao.redenoticia.com.br\/noticia\/wp-json\/wp\/v2\/posts\/190896","targetHints":{"allow":["GET"]}}],"collection":[{"href":"https:\/\/migracao.redenoticia.com.br\/noticia\/wp-json\/wp\/v2\/posts"}],"about":[{"href":"https:\/\/migracao.redenoticia.com.br\/noticia\/wp-json\/wp\/v2\/types\/post"}],"author":[{"embeddable":true,"href":"https:\/\/migracao.redenoticia.com.br\/noticia\/wp-json\/wp\/v2\/users\/4"}],"replies":[{"embeddable":true,"href":"https:\/\/migracao.redenoticia.com.br\/noticia\/wp-json\/wp\/v2\/comments?post=190896"}],"version-history":[{"count":0,"href":"https:\/\/migracao.redenoticia.com.br\/noticia\/wp-json\/wp\/v2\/posts\/190896\/revisions"}],"wp:featuredmedia":[{"embeddable":true,"href":"https:\/\/migracao.redenoticia.com.br\/noticia\/wp-json\/wp\/v2\/media\/82119"}],"wp:attachment":[{"href":"https:\/\/migracao.redenoticia.com.br\/noticia\/wp-json\/wp\/v2\/media?parent=190896"}],"wp:term":[{"taxonomy":"category","embeddable":true,"href":"https:\/\/migracao.redenoticia.com.br\/noticia\/wp-json\/wp\/v2\/categories?post=190896"},{"taxonomy":"post_tag","embeddable":true,"href":"https:\/\/migracao.redenoticia.com.br\/noticia\/wp-json\/wp\/v2\/tags?post=190896"}],"curies":[{"name":"wp","href":"https:\/\/api.w.org\/{rel}","templated":true}]}}