{"id":190910,"date":"2020-04-01T12:36:36","date_gmt":"2020-04-01T15:36:36","guid":{"rendered":"https:\/\/www.redenoticia.com.br\/noticia\/?p=190910"},"modified":"2020-04-01T12:36:36","modified_gmt":"2020-04-01T15:36:36","slug":"resumo-novela-fina-estampa-02-04-griselda-descobre-que-teodora-vai-voltar-para-o-brasil","status":"publish","type":"post","link":"https:\/\/migracao.redenoticia.com.br\/noticia\/2020\/resumo-novela-fina-estampa-02-04-griselda-descobre-que-teodora-vai-voltar-para-o-brasil\/190910","title":{"rendered":"Resumo novela \u201cFina Estampa\u201d 02\/04: Griselda descobre que Teodora vai voltar para o Brasil"},"content":{"rendered":"<p><img loading=\"lazy\" decoding=\"async\" class=\"aligncenter size-large wp-image-190230\" src=\"https:\/\/migracao.redenoticia.com.br\/noticia\/imagens\/fina-estampa-303x300.jpg\" alt=\"\" width=\"303\" height=\"300\" srcset=\"https:\/\/migracao.redenoticia.com.br\/noticia\/imagens\/fina-estampa-303x300.jpg 303w, https:\/\/migracao.redenoticia.com.br\/noticia\/imagens\/fina-estampa-189x187.jpg 189w, https:\/\/migracao.redenoticia.com.br\/noticia\/imagens\/fina-estampa-768x760.jpg 768w, https:\/\/migracao.redenoticia.com.br\/noticia\/imagens\/fina-estampa-150x150.jpg 150w, https:\/\/migracao.redenoticia.com.br\/noticia\/imagens\/fina-estampa-141x140.jpg 141w, https:\/\/migracao.redenoticia.com.br\/noticia\/imagens\/fina-estampa-86x85.jpg 86w, https:\/\/migracao.redenoticia.com.br\/noticia\/imagens\/fina-estampa-696x689.jpg 696w, https:\/\/migracao.redenoticia.com.br\/noticia\/imagens\/fina-estampa.jpg 800w\" sizes=\"auto, (max-width: 303px) 100vw, 303px\" \/><\/p>\n<p><em><strong>Resumo novela \u201cFina Estampa\u201d 02\/04<\/strong><\/em>: no cap\u00edtulo 010(*) da novela, quinta-feira, 02 de abril, Antenor e Griselda discutem na UTI, e o rapaz passa mal. Carolina conta para Let\u00edcia que recebeu uma liga\u00e7\u00e3o do programa de televis\u00e3o que consertar\u00e1 o carro de Vilma. Dagmar comenta com Quinz\u00e9 que Teodora est\u00e1 voltando para o Brasil. Rafael convence Patr\u00edcia a ir ao hospital falar com Antenor. Griselda rasga a foto de Pereirinha.<\/p>\n<p>Danielle revela que Esther n\u00e3o pode mais ter filhos. Dagmar e Quinz\u00e9 se beijam. Patr\u00edcia confronta Antenor. Antenor tenta convencer Patr\u00edcia a perdo\u00e1-lo. Guaracy percebe que Griselda tirou o retrato de Pereirinha da parede. Rafael n\u00e3o consegue convencer Juan a retirar a queixa contra Antenor. Quinz\u00e9 conta para Griselda que Teodora est\u00e1 voltando para o Brasil.<\/p>\n<p>(*) edi\u00e7\u00e3o da Rede Globo, Novela \u201cFina Estampa\u201d, sujeito a altera\u00e7\u00e3o de data e conte\u00fado.<\/p>\n<p>Sinopse \u201cFina Estampa\u201d: A vi\u00fava Griselda, conhecida como Pereir\u00e3o, trabalha como faz-tudo para sustentar seus tr\u00eas filhos. J\u00e1 Tereza Cristina \u00e9 uma socialite que acredita ter a vida perfeita. Seus destinos se cruzam por acaso e tudo muda quando Griselda ganha 30 milh\u00f5es.<\/p>\n","protected":false},"excerpt":{"rendered":"<p>Resumo novela \u201cFina Estampa\u201d 02\/04: no cap\u00edtulo 010(*) da novela, quinta-feira, 02 de abril, Antenor e Griselda discutem na UTI, e o rapaz passa mal. Carolina conta para Let\u00edcia que recebeu uma liga\u00e7\u00e3o do programa de televis\u00e3o que consertar\u00e1 o carro de Vilma. Dagmar comenta com Quinz\u00e9 que Teodora est\u00e1 voltando para o Brasil. Rafael [&hellip;]<\/p>\n","protected":false},"author":4,"featured_media":190230,"comment_status":"open","ping_status":"closed","sticky":false,"template":"","format":"standard","meta":{"tdm_status":"","tdm_grid_status":"","footnotes":""},"categories":[555,379,375,343],"tags":[441],"class_list":{"0":"post-190910","1":"post","2":"type-post","3":"status-publish","4":"format-standard","5":"has-post-thumbnail","7":"category-fina-estampa","8":"category-novelas","9":"category-rede-globo","10":"category-televisao","11":"tag-resumo-do-dia"},"_links":{"self":[{"href":"https:\/\/migracao.redenoticia.com.br\/noticia\/wp-json\/wp\/v2\/posts\/190910","targetHints":{"allow":["GET"]}}],"collection":[{"href":"https:\/\/migracao.redenoticia.com.br\/noticia\/wp-json\/wp\/v2\/posts"}],"about":[{"href":"https:\/\/migracao.redenoticia.com.br\/noticia\/wp-json\/wp\/v2\/types\/post"}],"author":[{"embeddable":true,"href":"https:\/\/migracao.redenoticia.com.br\/noticia\/wp-json\/wp\/v2\/users\/4"}],"replies":[{"embeddable":true,"href":"https:\/\/migracao.redenoticia.com.br\/noticia\/wp-json\/wp\/v2\/comments?post=190910"}],"version-history":[{"count":0,"href":"https:\/\/migracao.redenoticia.com.br\/noticia\/wp-json\/wp\/v2\/posts\/190910\/revisions"}],"wp:featuredmedia":[{"embeddable":true,"href":"https:\/\/migracao.redenoticia.com.br\/noticia\/wp-json\/wp\/v2\/media\/190230"}],"wp:attachment":[{"href":"https:\/\/migracao.redenoticia.com.br\/noticia\/wp-json\/wp\/v2\/media?parent=190910"}],"wp:term":[{"taxonomy":"category","embeddable":true,"href":"https:\/\/migracao.redenoticia.com.br\/noticia\/wp-json\/wp\/v2\/categories?post=190910"},{"taxonomy":"post_tag","embeddable":true,"href":"https:\/\/migracao.redenoticia.com.br\/noticia\/wp-json\/wp\/v2\/tags?post=190910"}],"curies":[{"name":"wp","href":"https:\/\/api.w.org\/{rel}","templated":true}]}}