{"id":190951,"date":"2020-04-02T12:33:49","date_gmt":"2020-04-02T15:33:49","guid":{"rendered":"https:\/\/www.redenoticia.com.br\/noticia\/?p=190951"},"modified":"2020-04-02T12:33:49","modified_gmt":"2020-04-02T15:33:49","slug":"resumo-novela-totalmente-demais-03-04-eliza-se-surpreende-ao-rever-arthur","status":"publish","type":"post","link":"https:\/\/migracao.redenoticia.com.br\/noticia\/2020\/resumo-novela-totalmente-demais-03-04-eliza-se-surpreende-ao-rever-arthur\/190951","title":{"rendered":"Resumo novela \u201cTotalmente Demais\u201d 03\/04: Eliza se surpreende ao rever Arthur"},"content":{"rendered":"<p><img loading=\"lazy\" decoding=\"async\" class=\"aligncenter size-large wp-image-190258\" src=\"https:\/\/migracao.redenoticia.com.br\/noticia\/imagens\/totalmente-demais-reprise-343x300.jpg\" alt=\"\" width=\"343\" height=\"300\" srcset=\"https:\/\/migracao.redenoticia.com.br\/noticia\/imagens\/totalmente-demais-reprise-343x300.jpg 343w, https:\/\/migracao.redenoticia.com.br\/noticia\/imagens\/totalmente-demais-reprise-214x187.jpg 214w, https:\/\/migracao.redenoticia.com.br\/noticia\/imagens\/totalmente-demais-reprise-160x140.jpg 160w, https:\/\/migracao.redenoticia.com.br\/noticia\/imagens\/totalmente-demais-reprise-97x85.jpg 97w, https:\/\/migracao.redenoticia.com.br\/noticia\/imagens\/totalmente-demais-reprise.jpg 594w\" sizes=\"auto, (max-width: 343px) 100vw, 343px\" \/><\/p>\n<p><em><strong>Resumo novela \u201cTotalmente Demais\u201d 03\/04<\/strong><\/em>: no cap\u00edtulo 005(*) da novela, sexta-feira, 03 de abril, Jonatas e Eliza conseguem fugir de Jacar\u00e9. Z\u00e9 Pedro avisa a Germano que Fabinho est\u00e1 protestando em frente \u00e0 Bastille e o empres\u00e1rio decide chamar a pol\u00edcia. Carolina n\u00e3o gosta de encontrar Dorinha em seu apartamento.<\/p>\n<p>Eliza diz a Jonatas que tamb\u00e9m deseja se tornar uma empres\u00e1ria das ruas. Joj\u00f4 n\u00e3o gosta de ver Carolina dormindo em seu quarto. Fabinho garante a Jamaica que acabar\u00e1 com a Bastille por poluir o ambiente. Jonatas sugere que Eliza venda flores \u00e0 noite. Eliza se surpreende ao ver Arthur novamente.<\/p>\n<p>(*) edi\u00e7\u00e3o da Rede Globo, Novela \u201cTotalmente Demais\u201d, sujeito a altera\u00e7\u00e3o de data e conte\u00fado.<\/p>\n<p>Sinopse \u201cTotalmente Demais\u201d: Eliza (Marina Ruy Barbosa) \u00e9 uma jovem de 18 anos que foge de casa, em Campo Claro, cidade fict\u00edcia do interior fluminense, ap\u00f3s ser assediada por parte do seu padrasto Dino (Paulo Rocha). Ela n\u00e3o conheceu o pai, e sua m\u00e3e, Gilda (Leona Cavalli), diz que ele era um caminhoneiro que foi embora nas estradas. O sonho dela \u00e9 conhecer esse pai e tirar a fam\u00edlia da situa\u00e7\u00e3o dif\u00edcil em que vivem. A m\u00e3e se casou com o Dino e teve mais dois filhos.<\/p>\n<p>Quando Eliza era crian\u00e7a, se dava bem com Dino, mas depois que cresceu come\u00e7ou a bater muito de frente com o padrasto. Assim que ela chega ao Rio de Janeiro, ela vai para uma pens\u00e3o, mas \u00e9 roubada. Sem op\u00e7\u00e3o, a jovem passa a morar nas ruas, e conhece Jonatas (Felipe Simas), que vende balas nos sem\u00e1foros da Lapa para ajudar sua fam\u00edlia, que vive na zona oeste da capital fluminense.<\/p>\n","protected":false},"excerpt":{"rendered":"<p>Resumo novela \u201cTotalmente Demais\u201d 03\/04: no cap\u00edtulo 005(*) da novela, sexta-feira, 03 de abril, Jonatas e Eliza conseguem fugir de Jacar\u00e9. Z\u00e9 Pedro avisa a Germano que Fabinho est\u00e1 protestando em frente \u00e0 Bastille e o empres\u00e1rio decide chamar a pol\u00edcia. Carolina n\u00e3o gosta de encontrar Dorinha em seu apartamento. Eliza diz a Jonatas que [&hellip;]<\/p>\n","protected":false},"author":4,"featured_media":190259,"comment_status":"open","ping_status":"closed","sticky":false,"template":"","format":"standard","meta":{"tdm_status":"","tdm_grid_status":"","footnotes":""},"categories":[379,375,343,556],"tags":[441],"class_list":{"0":"post-190951","1":"post","2":"type-post","3":"status-publish","4":"format-standard","5":"has-post-thumbnail","7":"category-novelas","8":"category-rede-globo","9":"category-televisao","10":"category-totalmente-demais","11":"tag-resumo-do-dia"},"_links":{"self":[{"href":"https:\/\/migracao.redenoticia.com.br\/noticia\/wp-json\/wp\/v2\/posts\/190951","targetHints":{"allow":["GET"]}}],"collection":[{"href":"https:\/\/migracao.redenoticia.com.br\/noticia\/wp-json\/wp\/v2\/posts"}],"about":[{"href":"https:\/\/migracao.redenoticia.com.br\/noticia\/wp-json\/wp\/v2\/types\/post"}],"author":[{"embeddable":true,"href":"https:\/\/migracao.redenoticia.com.br\/noticia\/wp-json\/wp\/v2\/users\/4"}],"replies":[{"embeddable":true,"href":"https:\/\/migracao.redenoticia.com.br\/noticia\/wp-json\/wp\/v2\/comments?post=190951"}],"version-history":[{"count":0,"href":"https:\/\/migracao.redenoticia.com.br\/noticia\/wp-json\/wp\/v2\/posts\/190951\/revisions"}],"wp:featuredmedia":[{"embeddable":true,"href":"https:\/\/migracao.redenoticia.com.br\/noticia\/wp-json\/wp\/v2\/media\/190259"}],"wp:attachment":[{"href":"https:\/\/migracao.redenoticia.com.br\/noticia\/wp-json\/wp\/v2\/media?parent=190951"}],"wp:term":[{"taxonomy":"category","embeddable":true,"href":"https:\/\/migracao.redenoticia.com.br\/noticia\/wp-json\/wp\/v2\/categories?post=190951"},{"taxonomy":"post_tag","embeddable":true,"href":"https:\/\/migracao.redenoticia.com.br\/noticia\/wp-json\/wp\/v2\/tags?post=190951"}],"curies":[{"name":"wp","href":"https:\/\/api.w.org\/{rel}","templated":true}]}}